{"id":195943,"date":"2024-04-26T17:48:24","date_gmt":"2024-04-26T15:48:24","guid":{"rendered":"http:\/\/www.messinaoggi.it\/website\/?p=195943"},"modified":"2024-04-26T17:49:26","modified_gmt":"2024-04-26T15:49:26","slug":"meteo-in-altalena-pioggia-il-1-maggio","status":"publish","type":"post","link":"https:\/\/www.messinaoggi.it\/website\/2024\/04\/26\/meteo-in-altalena-pioggia-il-1-maggio\/","title":{"rendered":"Meteo in altalena, pioggia il 1\u00b0 Maggio"},"content":{"rendered":"\n<p>Sole stabile nel fine settimana con termometro che in Sicilia toccher\u00e0 i 24-25\u00b0. Una situazione che si rafforzer\u00e0 ulteriormente luned\u00ec prossimo, quando in tutta l\u2019Italia prevarr\u00e0 un clima estivo e in alcune zone interne del Centro-Sud si potranno addirittura toccare i 28-30 gradi. Ma questa condizione subir\u00e0 un brusco stop dal pomeriggio di marted\u00ec 30: una perturbazione sospinta da venti meridionali e pilotata da un ciclone tra Spagna e Baleari far\u00e0 peggiorare il tempo a partire da Sicilia e Sardegna, con piogge e temporali a tratti intensi che si scateneranno proprio il 1\u00b0maggio.<div id=\"div-gpt-ad-Messinaoggi.it-DSK-300x250-corpoart\" style=\"text-align:center;margin:0 auto;\"><\/div><\/p>\n<div id=\"videoincontent\" style=\"clear:both\";><\/div>","protected":false},"excerpt":{"rendered":"<p>Sole stabile nel fine settimana con termometro che in Sicilia toccher\u00e0 i 24-25\u00b0. Una situazione che si rafforzer\u00e0 ulteriormente luned\u00ec prossimo, quando in tutta l\u2019Italia prevarr\u00e0 un clima estivo e in alcune zone interne del Centro-Sud si potranno addirittura toccare i 28-30 gradi. Ma questa condizione subir\u00e0 un brusco stop dal pomeriggio di marted\u00ec 30: [&hellip;]<\/p>\n","protected":false},"author":4,"featured_media":1524,"comment_status":"open","ping_status":"open","sticky":false,"template":"","format":"standard","meta":{"ub_ctt_via":"","_mi_skip_tracking":false},"categories":[6],"tags":[1025],"featured_image_src":"https:\/\/www.messinaoggi.it\/website\/wp-content\/uploads\/2017\/06\/Maltempo-pioggia-2.jpg","author_info":{"display_name":"redme","author_link":"https:\/\/www.messinaoggi.it\/website\/author\/redme\/"},"digistream_id":0,"digistream":false,"_links":{"self":[{"href":"https:\/\/www.messinaoggi.it\/website\/wp-json\/wp\/v2\/posts\/195943"}],"collection":[{"href":"https:\/\/www.messinaoggi.it\/website\/wp-json\/wp\/v2\/posts"}],"about":[{"href":"https:\/\/www.messinaoggi.it\/website\/wp-json\/wp\/v2\/types\/post"}],"author":[{"embeddable":true,"href":"https:\/\/www.messinaoggi.it\/website\/wp-json\/wp\/v2\/users\/4"}],"replies":[{"embeddable":true,"href":"https:\/\/www.messinaoggi.it\/website\/wp-json\/wp\/v2\/comments?post=195943"}],"version-history":[{"count":1,"href":"https:\/\/www.messinaoggi.it\/website\/wp-json\/wp\/v2\/posts\/195943\/revisions"}],"predecessor-version":[{"id":195944,"href":"https:\/\/www.messinaoggi.it\/website\/wp-json\/wp\/v2\/posts\/195943\/revisions\/195944"}],"wp:featuredmedia":[{"embeddable":true,"href":"https:\/\/www.messinaoggi.it\/website\/wp-json\/wp\/v2\/media\/1524"}],"wp:attachment":[{"href":"https:\/\/www.messinaoggi.it\/website\/wp-json\/wp\/v2\/media?parent=195943"}],"wp:term":[{"taxonomy":"category","embeddable":true,"href":"https:\/\/www.messinaoggi.it\/website\/wp-json\/wp\/v2\/categories?post=195943"},{"taxonomy":"post_tag","embeddable":true,"href":"https:\/\/www.messinaoggi.it\/website\/wp-json\/wp\/v2\/tags?post=195943"}],"curies":[{"name":"wp","href":"https:\/\/api.w.org\/{rel}","templated":true}]}}