{"id":195891,"date":"2024-04-26T11:41:28","date_gmt":"2024-04-26T09:41:28","guid":{"rendered":"http:\/\/www.messinaoggi.it\/website\/?p=195891"},"modified":"2024-04-26T11:41:31","modified_gmt":"2024-04-26T09:41:31","slug":"rapina-al-supermercato-61enne-finisce-in-manette","status":"publish","type":"post","link":"https:\/\/www.messinaoggi.it\/website\/2024\/04\/26\/rapina-al-supermercato-61enne-finisce-in-manette\/","title":{"rendered":"Rapina al supermercato: 61enne finisce in manette"},"content":{"rendered":"\n<p>\u00c8 stato identificato il presunto autore di una rapina commessa nei mesi scorsi in un supermercato della citt\u00e0. Si tratterebbe di un uomo di 61 anni, che nei giorni scorsi \u00e8 stato arrestato dai poliziotti della Squadra Mobile.<div id=\"div-gpt-ad-Messinaoggi.it-DSK-300x250-corpoart\" style=\"text-align:center;margin:0 auto;\"><\/div><\/p>\n\n\n\n<p>I fatti risalgono al 25 settembre 2023, quando al 112 NUE \u00e8 stata segnalata una rapina in un supermercato di Contesse perpetrata da un soggetto, travisato e armato di pistola che, dopo aver fatto accesso all\u2019interno dell\u2019esercizio commerciale, ha puntato l\u2019arma all\u2019indirizzo del cassiere facendosi consegnare il denaro contenuto nel registratore di cassa, circa 1.500 euro. <div id=\"videoincontent\" style=\"clear:both\";><\/div><\/p>\n\n\n\n<p>L\u2019immediata acquisizione delle telecamere interne ed esterne al supermercato ha consentito al personale della sezione Antirapina della Squadra Mobile di visionare le fasi concitate della rapina; i successivi approfondimenti investigativi hanno consentito di individuare nell\u2019uomo il presunto autore della rapina. <\/p>\n\n\n\n<p>Sulla scorta degli elementi di responsabilit\u00e0 raccolti dalla Polizia, la Procura della Repubblica ha richiesto un provvedimento restrittivo al gip, che ha condiviso il quadro probatorio prospettato ed ha applicato la misura della custodia cautelare in carcere nei confronti dell\u2019indagato.<\/p>\n","protected":false},"excerpt":{"rendered":"<p>\u00c8 stato identificato il presunto autore di una rapina commessa nei mesi scorsi in un supermercato della citt\u00e0. Si tratterebbe di un uomo di 61 anni, che nei giorni scorsi \u00e8 stato arrestato dai poliziotti della Squadra Mobile. I fatti risalgono al 25 settembre 2023, quando al 112 NUE \u00e8 stata segnalata una rapina in [&hellip;]<\/p>\n","protected":false},"author":8,"featured_media":12103,"comment_status":"open","ping_status":"open","sticky":false,"template":"","format":"standard","meta":{"ub_ctt_via":"","_mi_skip_tracking":false},"categories":[5],"tags":[2544,747,8106],"featured_image_src":"https:\/\/www.messinaoggi.it\/website\/wp-content\/uploads\/2017\/11\/rapina-con-taglierino.jpeg","author_info":{"display_name":"red..me","author_link":"https:\/\/www.messinaoggi.it\/website\/author\/redstage\/"},"digistream_id":0,"digistream":false,"_links":{"self":[{"href":"https:\/\/www.messinaoggi.it\/website\/wp-json\/wp\/v2\/posts\/195891"}],"collection":[{"href":"https:\/\/www.messinaoggi.it\/website\/wp-json\/wp\/v2\/posts"}],"about":[{"href":"https:\/\/www.messinaoggi.it\/website\/wp-json\/wp\/v2\/types\/post"}],"author":[{"embeddable":true,"href":"https:\/\/www.messinaoggi.it\/website\/wp-json\/wp\/v2\/users\/8"}],"replies":[{"embeddable":true,"href":"https:\/\/www.messinaoggi.it\/website\/wp-json\/wp\/v2\/comments?post=195891"}],"version-history":[{"count":1,"href":"https:\/\/www.messinaoggi.it\/website\/wp-json\/wp\/v2\/posts\/195891\/revisions"}],"predecessor-version":[{"id":195892,"href":"https:\/\/www.messinaoggi.it\/website\/wp-json\/wp\/v2\/posts\/195891\/revisions\/195892"}],"wp:featuredmedia":[{"embeddable":true,"href":"https:\/\/www.messinaoggi.it\/website\/wp-json\/wp\/v2\/media\/12103"}],"wp:attachment":[{"href":"https:\/\/www.messinaoggi.it\/website\/wp-json\/wp\/v2\/media?parent=195891"}],"wp:term":[{"taxonomy":"category","embeddable":true,"href":"https:\/\/www.messinaoggi.it\/website\/wp-json\/wp\/v2\/categories?post=195891"},{"taxonomy":"post_tag","embeddable":true,"href":"https:\/\/www.messinaoggi.it\/website\/wp-json\/wp\/v2\/tags?post=195891"}],"curies":[{"name":"wp","href":"https:\/\/api.w.org\/{rel}","templated":true}]}}