{"id":19585,"date":"2018-05-19T12:07:11","date_gmt":"2018-05-19T10:07:11","guid":{"rendered":"http:\/\/www.messinaoggi.it\/website\/?p=19585"},"modified":"2018-05-19T12:07:11","modified_gmt":"2018-05-19T10:07:11","slug":"sorpreso-a-bruciare-cavi-di-rame-41enne-finisce-in-manette-con-lui-anche-un-minore","status":"publish","type":"post","link":"https:\/\/www.messinaoggi.it\/website\/2018\/05\/19\/sorpreso-a-bruciare-cavi-di-rame-41enne-finisce-in-manette-con-lui-anche-un-minore\/","title":{"rendered":"Sorpreso a bruciare cavi di rame, 41enne finisce in manette. Con lui anche un minore"},"content":{"rendered":"<p align=\"JUSTIFY\"><span style=\"font-family: Arial, sans-serif\">Una coltre di nube tossica si aggirava ieri sera nei pressi di via Don Blasco. Impossibile non notarla, neanche da quel poliziotto libero dal suo servizio in quel momento, che ha comunque deciso di allertare prontamente i propri colleghi. La fonte di quella colonna di fumo sar\u00e0 resa ben presto nota: quasi cento chili di rame rivestiti da uno spesso strato di gomma stavano prendendo fuoco lungo un tratto di spiaggia. Per questo motivo \u00e8 scattato l&#8217;arresto nei confronti di Gianluca Gentile, messinese di 41 anni che all\u2019arrivo dei poliziotti continuava imperterrito ad alimentare la pira da cui una densa coltre di fumo si stava nel frattempo spostando nell\u2019area circostante.<\/span><div id=\"div-gpt-ad-Messinaoggi.it-DSK-300x250-corpoart\" style=\"text-align:center;margin:0 auto;\"><\/div><\/p>\n<p align=\"JUSTIFY\"><span style=\"font-family: Arial, sans-serif\">Il prezioso materiale \u00e8 stato posto sotto sequestro. <\/span><span style=\"font-family: Arial, sans-serif\">L\u2019uomo, con precedenti a vario titolo e destinatario di un obbligo di dimora, sar\u00e0 giudicato oggi con rito direttissimo.\u00a0<\/span><span style=\"font-family: Arial, sans-serif\">Con lui, al momento dell\u2019arresto, un minorenne per il quale si \u00e8 proceduto alla denuncia in stato di libert\u00e0. Per entrambi il reato contestato \u00e8 combustione illecita di rifiuti in concorso.<\/span><div id=\"videoincontent\" style=\"clear:both\";><\/div><\/p>\n","protected":false},"excerpt":{"rendered":"<p>Una coltre di nube tossica si aggirava ieri sera nei pressi di via Don Blasco. Impossibile non notarla, neanche da quel poliziotto libero dal suo servizio in quel momento, che ha comunque deciso di allertare prontamente i propri colleghi. La fonte di quella colonna di fumo sar\u00e0 resa ben presto nota: quasi cento chili di [&hellip;]<\/p>\n","protected":false},"author":8,"featured_media":19280,"comment_status":"closed","ping_status":"open","sticky":false,"template":"","format":"standard","meta":{"ub_ctt_via":"","_mi_skip_tracking":false},"categories":[5],"tags":[],"featured_image_src":"https:\/\/www.messinaoggi.it\/website\/wp-content\/uploads\/2018\/05\/polizia-1-1.jpg","author_info":{"display_name":"red..me","author_link":"https:\/\/www.messinaoggi.it\/website\/author\/redstage\/"},"digistream_id":0,"digistream":false,"_links":{"self":[{"href":"https:\/\/www.messinaoggi.it\/website\/wp-json\/wp\/v2\/posts\/19585"}],"collection":[{"href":"https:\/\/www.messinaoggi.it\/website\/wp-json\/wp\/v2\/posts"}],"about":[{"href":"https:\/\/www.messinaoggi.it\/website\/wp-json\/wp\/v2\/types\/post"}],"author":[{"embeddable":true,"href":"https:\/\/www.messinaoggi.it\/website\/wp-json\/wp\/v2\/users\/8"}],"replies":[{"embeddable":true,"href":"https:\/\/www.messinaoggi.it\/website\/wp-json\/wp\/v2\/comments?post=19585"}],"version-history":[{"count":0,"href":"https:\/\/www.messinaoggi.it\/website\/wp-json\/wp\/v2\/posts\/19585\/revisions"}],"wp:featuredmedia":[{"embeddable":true,"href":"https:\/\/www.messinaoggi.it\/website\/wp-json\/wp\/v2\/media\/19280"}],"wp:attachment":[{"href":"https:\/\/www.messinaoggi.it\/website\/wp-json\/wp\/v2\/media?parent=19585"}],"wp:term":[{"taxonomy":"category","embeddable":true,"href":"https:\/\/www.messinaoggi.it\/website\/wp-json\/wp\/v2\/categories?post=19585"},{"taxonomy":"post_tag","embeddable":true,"href":"https:\/\/www.messinaoggi.it\/website\/wp-json\/wp\/v2\/tags?post=19585"}],"curies":[{"name":"wp","href":"https:\/\/api.w.org\/{rel}","templated":true}]}}