{"id":19575,"date":"2018-05-18T21:48:19","date_gmt":"2018-05-18T19:48:19","guid":{"rendered":"http:\/\/www.messinaoggi.it\/website\/?p=19575"},"modified":"2018-05-18T21:48:19","modified_gmt":"2018-05-18T19:48:19","slug":"il-tirami-piu-su-il-dessert-portatile-ideato-da-chef-caliri","status":"publish","type":"post","link":"https:\/\/www.messinaoggi.it\/website\/2018\/05\/18\/il-tirami-piu-su-il-dessert-portatile-ideato-da-chef-caliri\/","title":{"rendered":"Il Tirami (pi\u00f9) S\u00f9, il dessert portatile ideato da chef Caliri"},"content":{"rendered":"<p style=\"text-align: justify\">Portare il tiramis\u00f9 sempre con se, mentre si \u00e8 in viaggio o pi\u00f9 genericamente fuori di casa. Ecco la nuova invenzione di chef Pasquale Caliri, che ha lanciato il Tirami (pi\u00f9) su, una crema con il preparato di uno dei \u00a0dessert pi\u00f9 amati ed apprezzati al mondo, fatto solo da ingredienti semplici e genuini, in un tubetto simile a quello del latte condensato. Mancano i savoiardi, ma chef Caliri ha pensato anche a questo, di fatti in un cofanetto ecco i biscotti inzuppati con il caff\u00e8.<div id=\"div-gpt-ad-Messinaoggi.it-DSK-300x250-corpoart\" style=\"text-align:center;margin:0 auto;\"><\/div><\/p>\n<p style=\"text-align: justify\">\u201cL\u2019idea \u00e8 nata qui alla Marina del Nettuno, volevamo creare un dessert che si potesse portare in barca \u2013 ha sottolineato chef Caliri &#8211; \u00a0l\u2019dea poi si \u00e8 ingrandita, abbiamo creato un dolce componibile con cui si pu\u00f2 giocare e si pu\u00f2 portare in tutti i posti. Sar\u00e0 commercializzato. Nel tubetto c\u2019\u00e8 un preparato artigianale con il tiramis\u00f9 classico, con un variegato con crema di caff\u00e8 e cacao amaro. Poi in un cofanetto ci sono dei savoiardi inzuppati\u201d. Un\u2019invenzione gustosa che presto avr\u00e0 il suo lancio ufficiale: \u201clo presenteremo a Cibo Nostrum, la festa della cucina italiana a Taormina. La cornice ideale per presentare questo prodotto\u201d.<div id=\"videoincontent\" style=\"clear:both\";><\/div><\/p>\n","protected":false},"excerpt":{"rendered":"<p>Portare il tiramis\u00f9 sempre con se, mentre si \u00e8 in viaggio o pi\u00f9 genericamente fuori di casa. Ecco la nuova invenzione di chef Pasquale Caliri, che ha lanciato il Tirami (pi\u00f9) su, una crema con il preparato di uno dei \u00a0dessert pi\u00f9 amati ed apprezzati al mondo, fatto solo da ingredienti semplici e genuini, in [&hellip;]<\/p>\n","protected":false},"author":15,"featured_media":19576,"comment_status":"closed","ping_status":"open","sticky":false,"template":"","format":"standard","meta":{"ub_ctt_via":"","_mi_skip_tracking":false},"categories":[5],"tags":[],"featured_image_src":"https:\/\/www.messinaoggi.it\/website\/wp-content\/uploads\/2018\/05\/caliri-2.jpg","author_info":{"display_name":"red.me","author_link":"https:\/\/www.messinaoggi.it\/website\/author\/red-me\/"},"digistream_id":0,"digistream":false,"_links":{"self":[{"href":"https:\/\/www.messinaoggi.it\/website\/wp-json\/wp\/v2\/posts\/19575"}],"collection":[{"href":"https:\/\/www.messinaoggi.it\/website\/wp-json\/wp\/v2\/posts"}],"about":[{"href":"https:\/\/www.messinaoggi.it\/website\/wp-json\/wp\/v2\/types\/post"}],"author":[{"embeddable":true,"href":"https:\/\/www.messinaoggi.it\/website\/wp-json\/wp\/v2\/users\/15"}],"replies":[{"embeddable":true,"href":"https:\/\/www.messinaoggi.it\/website\/wp-json\/wp\/v2\/comments?post=19575"}],"version-history":[{"count":0,"href":"https:\/\/www.messinaoggi.it\/website\/wp-json\/wp\/v2\/posts\/19575\/revisions"}],"wp:featuredmedia":[{"embeddable":true,"href":"https:\/\/www.messinaoggi.it\/website\/wp-json\/wp\/v2\/media\/19576"}],"wp:attachment":[{"href":"https:\/\/www.messinaoggi.it\/website\/wp-json\/wp\/v2\/media?parent=19575"}],"wp:term":[{"taxonomy":"category","embeddable":true,"href":"https:\/\/www.messinaoggi.it\/website\/wp-json\/wp\/v2\/categories?post=19575"},{"taxonomy":"post_tag","embeddable":true,"href":"https:\/\/www.messinaoggi.it\/website\/wp-json\/wp\/v2\/tags?post=19575"}],"curies":[{"name":"wp","href":"https:\/\/api.w.org\/{rel}","templated":true}]}}