{"id":195682,"date":"2024-04-24T11:13:50","date_gmt":"2024-04-24T09:13:50","guid":{"rendered":"http:\/\/www.messinaoggi.it\/website\/?p=195682"},"modified":"2024-04-24T11:13:52","modified_gmt":"2024-04-24T09:13:52","slug":"tari-presentate-le-modalita-di-accesso-alle-riduzioni-ed-esenzioni","status":"publish","type":"post","link":"https:\/\/www.messinaoggi.it\/website\/2024\/04\/24\/tari-presentate-le-modalita-di-accesso-alle-riduzioni-ed-esenzioni\/","title":{"rendered":"Tari, presentate le modalit\u00e0 di accesso alle riduzioni ed esenzioni"},"content":{"rendered":"\n<p>Il sindaco <strong>Federico Basile<\/strong> e gli assessori con deleghe alle Politiche sociali <strong>Alessandra Calafiore<\/strong> e ai Tributi <strong>Roberto Cicala<\/strong>, nel corso di una conferenza stampa a palazzo Zanca, hanno illustrato ieri le modalit\u00e0 di accesso alla riduzione TARI (o esenzione totale) per i soggetti in stato di disagio economico e quelle per avere diritto ad un contributo sulla bolletta TARI per i donatori di sangue.<div id=\"div-gpt-ad-Messinaoggi.it-DSK-300x250-corpoart\" style=\"text-align:center;margin:0 auto;\"><\/div><\/p>\n\n\n\n<p>&#8220;Abbiamo convocato questa conferenza stampa \u2013 ha evidenziato il sindaco Basile \u2013 per spiegare alla cittadinanza tempi e modalit\u00e0 per aderire all&#8217;esenzione e alla riduzione della Tari. Come gi\u00e0 avvenuto nel 2023, anche quest&#8217;anno l&#8217;Amministrazione comunale ripropone la possibilit\u00e0 di ricevere un contributo solidaristico a chi ha donato del sangue, garantendo ai donatori agevolazioni per un gesto nobile e altruistico. Anche per il 2024 abbiamo previsto un fondo da destinare ai soggetti che si trovano in disagio economico per ottenere un contributo sulla bolletta TARI del 2024 oppure la totale esenzione. Mi ero impegnato in tal senso e sono state individuate delle somme con una variazione di bilancio. Aggiungo che siamo nel 2024 e bisogna lavorare con strumenti telematici e non pi\u00f9 cartacei; nell\u2019era Covid il nostro sistema ha funzionato abbastanza bene\u201d.<div id=\"videoincontent\" style=\"clear:both\";><\/div><\/p>\n\n\n\n<p>&#8220;Le due misure \u2013 ha proseguito l&#8217;assessore Cicala \u2013 sono cumulabili. E&#8217; un&#8217;attivit\u00e0 congiunta tra i due assessorati. Prima del 10 maggio andremo in Consiglio comunale con la delibera dell&#8217;assessora Calafiore che porter\u00e0 i nuovi criteri per l&#8217;esenzione\/riduzione per il 2024. Dal 10 al 30 maggio, sempre che questa volta il Consiglio ci consenta di fare tutto in maniera digitale, lanceremo il Bando per la richiesta di esenzione\/riduzione Tari 2024, in modo tale che nei primi di giugno ci sia la graduatoria nuova del 2024 e nella bolletta da elaborare entro il 30 giugno inseriremo i beneficiari, gli esenti o coloro che dovranno pagare una Tari in misura ridotta. Qualora fossero beneficiari anche nel 2023, e in caso di pagamenti regolari, procederemo con la compensazione. Faremo in modo di azzerare entro quest\u2019estate ogni debito verso i contribuenti beneficiari di questo contributo. In caso di rimborso, ci vorr\u00e0 qualche mese. Pubblicheremo una graduatoria con il numero di protocollo ricevuto dalla piattaforma in maniera digitale, tramite pec oppure allo sportello. Il beneficiario, con il suo Spid, prima della bolletta del 31 luglio, potr\u00e0 visualizzare tra maggio e giugno in piattaforma la graduatoria con l\u2019importo riconosciuto. Per quanto riguarda le agevolazioni ai donatori di sangue, \u00e8 necessaria la regolarit\u00e0 contributiva, non essendo legata ad un disagio economico, pena l\u2019esclusione della domanda. Quest\u2019ultima sar\u00e0 telematica e dovr\u00e0 essere presentata entro il 30 giugno dell\u2019anno successivo a quello in cui sono state effettuate le due donazioni. Dal 10 al 30 giugno lanceremo la piattaforma in cui si dovr\u00e0 presentare la domanda per il contributo solidaristico di 200 euro per donatore e 100 per ogni componente della famiglia. La misura si avr\u00e0 nella bolletta del saldo 2024\u201d.<\/p>\n\n\n\n<p>L&#8217;assessora Calafiore, nel corso del suo intervento, ha sottolineato che &#8220;Proceder\u00f2 alla presentazione in Consiglio comunale della delibera di Giunta municipale relativa alle modalit\u00e0 di accesso all&#8217;esenzione e alla riduzione in base alle varie fasce di reddito. Confidiamo nella collaborazione dell&#8217;Aula consiliare per poi emettere il Bando di adesione. L&#8217;attuazione di questa misura \u00e8 pi\u00f9 che mai necessaria e indispensabile alla luce dell&#8217;estinzione del reddito di cittadinanza. Si prevede anche un&#8217;assistenza nella compilazione telematica per chi dovesse riscontrare difficolt\u00e0 nella compilazione delle domande&#8221;.<\/p>\n","protected":false},"excerpt":{"rendered":"<p>Il sindaco Federico Basile e gli assessori con deleghe alle Politiche sociali Alessandra Calafiore e ai Tributi Roberto Cicala, nel corso di una conferenza stampa a palazzo Zanca, hanno illustrato ieri le modalit\u00e0 di accesso alla riduzione TARI (o esenzione totale) per i soggetti in stato di disagio economico e quelle per avere diritto ad [&hellip;]<\/p>\n","protected":false},"author":15,"featured_media":195694,"comment_status":"open","ping_status":"open","sticky":false,"template":"","format":"standard","meta":{"ub_ctt_via":"","_mi_skip_tracking":false},"categories":[6],"tags":[899,9885,9031,2972,9884,5162,1894],"featured_image_src":"https:\/\/www.messinaoggi.it\/website\/wp-content\/uploads\/2024\/04\/Conferenza-Tari-scaled.jpg","author_info":{"display_name":"red.me","author_link":"https:\/\/www.messinaoggi.it\/website\/author\/red-me\/"},"digistream_id":0,"digistream":false,"_links":{"self":[{"href":"https:\/\/www.messinaoggi.it\/website\/wp-json\/wp\/v2\/posts\/195682"}],"collection":[{"href":"https:\/\/www.messinaoggi.it\/website\/wp-json\/wp\/v2\/posts"}],"about":[{"href":"https:\/\/www.messinaoggi.it\/website\/wp-json\/wp\/v2\/types\/post"}],"author":[{"embeddable":true,"href":"https:\/\/www.messinaoggi.it\/website\/wp-json\/wp\/v2\/users\/15"}],"replies":[{"embeddable":true,"href":"https:\/\/www.messinaoggi.it\/website\/wp-json\/wp\/v2\/comments?post=195682"}],"version-history":[{"count":3,"href":"https:\/\/www.messinaoggi.it\/website\/wp-json\/wp\/v2\/posts\/195682\/revisions"}],"predecessor-version":[{"id":195693,"href":"https:\/\/www.messinaoggi.it\/website\/wp-json\/wp\/v2\/posts\/195682\/revisions\/195693"}],"wp:featuredmedia":[{"embeddable":true,"href":"https:\/\/www.messinaoggi.it\/website\/wp-json\/wp\/v2\/media\/195694"}],"wp:attachment":[{"href":"https:\/\/www.messinaoggi.it\/website\/wp-json\/wp\/v2\/media?parent=195682"}],"wp:term":[{"taxonomy":"category","embeddable":true,"href":"https:\/\/www.messinaoggi.it\/website\/wp-json\/wp\/v2\/categories?post=195682"},{"taxonomy":"post_tag","embeddable":true,"href":"https:\/\/www.messinaoggi.it\/website\/wp-json\/wp\/v2\/tags?post=195682"}],"curies":[{"name":"wp","href":"https:\/\/api.w.org\/{rel}","templated":true}]}}