{"id":195674,"date":"2024-04-24T09:08:04","date_gmt":"2024-04-24T07:08:04","guid":{"rendered":"https:\/\/www.messinaoggi.it\/website\/2024\/04\/24\/schlein-nome-su-simbolo-per-europee-divisivo-liste-meravigliose\/"},"modified":"2024-04-24T09:08:04","modified_gmt":"2024-04-24T07:08:04","slug":"schlein-nome-su-simbolo-per-europee-divisivo-liste-meravigliose","status":"publish","type":"post","link":"https:\/\/www.messinaoggi.it\/website\/2024\/04\/24\/schlein-nome-su-simbolo-per-europee-divisivo-liste-meravigliose\/","title":{"rendered":"Schlein \u201cNome su simbolo per europee divisivo, liste meravigliose\u201d"},"content":{"rendered":"<div>ROMA (ITALPRESS) &#8211; &#8220;Noi abbiamo approvato in Direzione delle liste meravigliose perch\u00e8 sono aperte a personalit\u00e0 della societ\u00e0 civile che per la loro competenza rappresentano le battaglie per l&#8217;Europa che vogliamo e nel contempo tengono insieme le migliori energie del partito. E&#8217; la prima volta che si fanno le liste con un metodo nuovo che archivia il manuale Cencelli. E per tenere il partito unito le abbiamo fatte insieme alla minoranza: non ci sono state scene traumatiche o notti dei lunghi coltelli, sono state approvate all&#8217;unanimit\u00e0&#8221;. Lo dice in una intervista a &#8220;Il Corriere della Sera&#8221; la segretaria del Partito Democratico Elly Schlein che poi sul fatto di non aver messo il proprio nome sul simbolo del partito in occasione delle elezioni europee, agginge: &#8220;Io credo che sia positivo che siamo l&#8217;unico partito che discute in chiaro: non c&#8217;\u00e8 qualcuno che si chiude in una stanza e decide. Io ho ascoltato il dibattito di questi mesi sulla mia candidatura, ho ascoltato quello sulla proposta del simbolo. E mi \u00e8 sembrato che il modo migliore per rafforzare questa squadra e spingere il partito pi\u00f9 in alto fosse quello di correre anche io, mentre l&#8217;altra proposta mi \u00e8 parsa divisiva e l&#8217;ho accantonata. Io ascolto sempre e poi da segretaria mi prendo la responsabilit\u00e0 di fare le scelte che ritengo pi\u00f9 utili ed efficaci per questo progetto collettivo&#8221;.<br \/>Quindi alla domanda su che Europa vuole il Pd, ha risposto: &#8220;Un&#8217;Europa pi\u00f9 sociale, come quella che ha insistito per il salario minimo, che si batte per cancellare gli stage gratuiti. Un&#8217;Europa della salute e infatti una delle nostre proposte riguarda l&#8217;istituzione di un centro europeo comune sui vaccini e i farmaci salvavita che vanno sottratti alla logica del mercato e del profitto. Un&#8217;Europa pi\u00f9 verde che aumenti gli investimenti comuni su questo fronte perch\u00e8 l&#8217;attuale bilancio europeo vale l&#8217;1 per cento del Pil comune ed \u00e8 troppo poco. Un&#8217;Europa pi\u00f9 giusta, un&#8217;Europa dei diritti e della solidariet\u00e0. Un&#8217;Europa con una voce sola sulla politica estera e la sicurezza, ricordandosi che l&#8217;Europa \u00e8 un progetto di pace e per la pace e la difesa comune non si fa con un nuovo commissario senza reali poteri, n\u00e8 con un&#8217;economia di guerra come \u00e8 stato proposto da Michel, magari pensando di aumentare le spese militari di tutti i Paesi europei&#8221;.<div id=\"div-gpt-ad-Messinaoggi.it-DSK-300x250-corpoart\" style=\"text-align:center;margin:0 auto;\"><\/div><\/p>\n<p>foto: Agenzia Fotogramma<div id=\"videoincontent\" style=\"clear:both\";><\/div><\/p>\n<p>(ITALPRESS).<\/p><\/div>\n","protected":false},"excerpt":{"rendered":"<p>ROMA (ITALPRESS) &#8211; &#8220;Noi abbiamo approvato in Direzione delle liste meravigliose perch\u00e8 sono aperte a personalit\u00e0 della societ\u00e0 civile che per la loro competenza rappresentano le battaglie per l&#8217;Europa che vogliamo e nel contempo tengono insieme le migliori energie del partito. E&#8217; la prima volta che si fanno le liste con un metodo nuovo che [&hellip;]<\/p>\n","protected":false},"author":18,"featured_media":195675,"comment_status":"closed","ping_status":"closed","sticky":false,"template":"","format":"standard","meta":{"ub_ctt_via":"","_mi_skip_tracking":false},"categories":[446],"tags":[783],"featured_image_src":"https:\/\/www.messinaoggi.it\/website\/wp-content\/uploads\/2024\/04\/20240424_0072.jpg","author_info":{"display_name":"Admin","author_link":"https:\/\/www.messinaoggi.it\/website\/author\/admin\/"},"digistream_id":0,"digistream":false,"_links":{"self":[{"href":"https:\/\/www.messinaoggi.it\/website\/wp-json\/wp\/v2\/posts\/195674"}],"collection":[{"href":"https:\/\/www.messinaoggi.it\/website\/wp-json\/wp\/v2\/posts"}],"about":[{"href":"https:\/\/www.messinaoggi.it\/website\/wp-json\/wp\/v2\/types\/post"}],"author":[{"embeddable":true,"href":"https:\/\/www.messinaoggi.it\/website\/wp-json\/wp\/v2\/users\/18"}],"replies":[{"embeddable":true,"href":"https:\/\/www.messinaoggi.it\/website\/wp-json\/wp\/v2\/comments?post=195674"}],"version-history":[{"count":0,"href":"https:\/\/www.messinaoggi.it\/website\/wp-json\/wp\/v2\/posts\/195674\/revisions"}],"wp:featuredmedia":[{"embeddable":true,"href":"https:\/\/www.messinaoggi.it\/website\/wp-json\/wp\/v2\/media\/195675"}],"wp:attachment":[{"href":"https:\/\/www.messinaoggi.it\/website\/wp-json\/wp\/v2\/media?parent=195674"}],"wp:term":[{"taxonomy":"category","embeddable":true,"href":"https:\/\/www.messinaoggi.it\/website\/wp-json\/wp\/v2\/categories?post=195674"},{"taxonomy":"post_tag","embeddable":true,"href":"https:\/\/www.messinaoggi.it\/website\/wp-json\/wp\/v2\/tags?post=195674"}],"curies":[{"name":"wp","href":"https:\/\/api.w.org\/{rel}","templated":true}]}}