{"id":19567,"date":"2018-05-18T19:31:25","date_gmt":"2018-05-18T17:31:25","guid":{"rendered":"http:\/\/www.messinaoggi.it\/website\/?p=19567"},"modified":"2018-05-18T19:31:25","modified_gmt":"2018-05-18T17:31:25","slug":"bramanti-abbraccia-la-lega-e-incassa-il-supporto-di-armao","status":"publish","type":"post","link":"https:\/\/www.messinaoggi.it\/website\/2018\/05\/18\/bramanti-abbraccia-la-lega-e-incassa-il-supporto-di-armao\/","title":{"rendered":"Bramanti abbraccia la Lega e incassa il supporto di Armao"},"content":{"rendered":"<p style=\"text-align: justify\">&#8220;Rinnovo e confermo la disponibilit\u00e0 volont\u00e0 di collaborare con la Lega&#8221; Lo Monte tende la mano e Bramanti risponde stringendo un nuovo patto di ferro. Il candidato del centrodestra potr\u00e0 contare anche sulle forze di Noi con Salvini:<em>&#8220;A nome personale e di tutta la coalizione che sostiene la mia candidatura a sindaco e di cui apprezzo il contributo politico dei suoi componenti e del Commissario regionale, senatore Stefano Candiani, che ho avuto l\u2019onore ed il piacere di incontrare recentemente a Messina. Confermo la mia amicizia, stima e massima cordialit\u00e0 verso l\u2019on. Carmelo Lo Monte ed i suoi collaboratori messinesi.<\/em><div id=\"div-gpt-ad-Messinaoggi.it-DSK-300x250-corpoart\" style=\"text-align:center;margin:0 auto;\"><\/div><\/p>\n<p style=\"text-align: justify\"><em>Nelle prossime giornate avremo modo di confrontarci in modo fattivo e costruttivo sui progetti e sui programmi. Sono certo che l\u2019intera coalizione sar\u00e0 in grado di esprimere al meglio le proprie potenzialit\u00e0 e il miglior contributo politico, non solo per il raggiungimento dell\u2019obiettivo per il voto del 10 giugno, ma anche e soprattutto per la fase operativa di cui Messina ed i Messinesi hanno vitale bisogno&#8221;.\u00a0<\/em><div id=\"videoincontent\" style=\"clear:both\";><\/div><\/p>\n<p style=\"text-align: justify\">L&#8217;ex Direttore Scientifico del dell\u2019IRCCS \u2013 Ospedale Piemonte ha incassato anche l&#8217;endorsement di Gaetano Armao, Vice Presidente della Regione Sicilia e Assessore Regionale per l\u2019Economia:<em>\u201cMi sono confrontato con Dino Bramanti, scambiando idee sugli interventi programmatici da porre in essere, sugli investimenti da fare per la citt\u00e0 di Messina e per lo sviluppo di infrastrutture che riguardano l\u2019insularit\u00e0 e lo sviluppo della citt\u00e0 dello Stretto, le cui sorti stanno a cuore di tutti i siciliani\u201d.<\/em><\/p>\n<p style=\"text-align: justify\">\u00a0\u201c<em>Ringrazio il Vice presidente Armao, ad ulteriore conferma della vicinanza della Regione Siciliana alla nostra citt\u00e0, per un dialogo sempre pi\u00f9 costruttivo e proficuo, che non trascuri nella programmazione regionale il ruolo e i progetti che investono la citt\u00e0 di Messina\u201d<\/em> ha chiosato Bramanti al termine dell&#8217;incontro tenutosi tra i due nel pomeriggio di oggi.<\/p>\n","protected":false},"excerpt":{"rendered":"<p>&#8220;Rinnovo e confermo la disponibilit\u00e0 volont\u00e0 di collaborare con la Lega&#8221; Lo Monte tende la mano e Bramanti risponde stringendo un nuovo patto di ferro. Il candidato del centrodestra potr\u00e0 contare anche sulle forze di Noi con Salvini:&#8220;A nome personale e di tutta la coalizione che sostiene la mia candidatura a sindaco e di cui [&hellip;]<\/p>\n","protected":false},"author":6,"featured_media":19568,"comment_status":"closed","ping_status":"open","sticky":false,"template":"","format":"standard","meta":{"ub_ctt_via":"","_mi_skip_tracking":false},"categories":[4],"tags":[],"featured_image_src":"https:\/\/www.messinaoggi.it\/website\/wp-content\/uploads\/2018\/05\/Bramanti-Armao-1.jpg","author_info":{"display_name":"Redazione MessinaOggi.it","author_link":"https:\/\/www.messinaoggi.it\/website\/author\/p-vinci\/"},"digistream_id":0,"digistream":false,"_links":{"self":[{"href":"https:\/\/www.messinaoggi.it\/website\/wp-json\/wp\/v2\/posts\/19567"}],"collection":[{"href":"https:\/\/www.messinaoggi.it\/website\/wp-json\/wp\/v2\/posts"}],"about":[{"href":"https:\/\/www.messinaoggi.it\/website\/wp-json\/wp\/v2\/types\/post"}],"author":[{"embeddable":true,"href":"https:\/\/www.messinaoggi.it\/website\/wp-json\/wp\/v2\/users\/6"}],"replies":[{"embeddable":true,"href":"https:\/\/www.messinaoggi.it\/website\/wp-json\/wp\/v2\/comments?post=19567"}],"version-history":[{"count":0,"href":"https:\/\/www.messinaoggi.it\/website\/wp-json\/wp\/v2\/posts\/19567\/revisions"}],"wp:featuredmedia":[{"embeddable":true,"href":"https:\/\/www.messinaoggi.it\/website\/wp-json\/wp\/v2\/media\/19568"}],"wp:attachment":[{"href":"https:\/\/www.messinaoggi.it\/website\/wp-json\/wp\/v2\/media?parent=19567"}],"wp:term":[{"taxonomy":"category","embeddable":true,"href":"https:\/\/www.messinaoggi.it\/website\/wp-json\/wp\/v2\/categories?post=19567"},{"taxonomy":"post_tag","embeddable":true,"href":"https:\/\/www.messinaoggi.it\/website\/wp-json\/wp\/v2\/tags?post=19567"}],"curies":[{"name":"wp","href":"https:\/\/api.w.org\/{rel}","templated":true}]}}