{"id":195566,"date":"2024-04-23T12:08:25","date_gmt":"2024-04-23T10:08:25","guid":{"rendered":"http:\/\/www.messinaoggi.it\/website\/?p=195566"},"modified":"2024-04-23T12:08:26","modified_gmt":"2024-04-23T10:08:26","slug":"acciaieria-giammoro-cgil-chiede-chiarezza-a-duferco","status":"publish","type":"post","link":"https:\/\/www.messinaoggi.it\/website\/2024\/04\/23\/acciaieria-giammoro-cgil-chiede-chiarezza-a-duferco\/","title":{"rendered":"Acciaieria Giammoro, Cgil chiede chiarezza a Duferco"},"content":{"rendered":"\n<p>Cgil e Fiom Sicilia e di Messina chiedono chiarezza sul futuro dell&#8217;acciaieria Duferco di Giammoro e dicono &#8220;no&#8221; alla dismissione dell\u2019impianto. Cgil e Fiom chiamano in causa anche il governo regionale, al quale chiedono di intervenire sulla vicenda.<div id=\"div-gpt-ad-Messinaoggi.it-DSK-300x250-corpoart\" style=\"text-align:center;margin:0 auto;\"><\/div><\/p>\n\n\n\n<p>A luglio si esauriranno gli ammortizzatori sociali a zero ore per i lavoratori dell\u2019acciaieria Duferco di Giammoro (Me). In prossimit\u00e0 della scadenza, Cgil e Fiom siciliane e di Messina hanno chiesto all\u2019azienda il confronto sulle prospettive dell\u2019impianto e l\u2019incontro \u00e8 fissato per il 9 maggio. <div id=\"videoincontent\" style=\"clear:both\";><\/div><\/p>\n\n\n\n<p>\u201cQuesti ultimi ammortizzatori sociali \u2013 scrivono in una nota i segretari generali della Cgil Sicilia e Messina, <strong>Alfio Mannino<\/strong> e <strong>Pietro Patti<\/strong>, e i segretari della Fiom siciliana e messinese, <strong>Francesco Foti<\/strong> e <strong>Daniele David<\/strong>&#8211; sono iniziati a febbraio, ma gi\u00e0 dal 2011 la Duferco ha fatto ricorso senza soluzione di continuit\u00e0 a cassa integrazione e contratti dei solidariet\u00e0, anche nel 2022, quando il gruppo ha visto crescere valore aggiunto e dividendi per gli azionisti\u201d. <\/p>\n\n\n\n<p>Al Ceo, <strong>Tonino Gozzi<\/strong>, i sindacati chiedono \u201cparole chiare sul futuro produttivo dello stabilimento e sul destino occupazionale di oltre 300 operai, tra diretti e indotto\u201d.<\/p>\n\n\n\n<p>Cgil e Fiom chiamano per\u00f2 in causa anche le amministrazioni locali e il governo regionale \u201cil cui silenzio &#8211; affermano- sconcerta. L\u2019assessore regionale alle Attivit\u00e0 Produttive, Edy Tamajo, &#8211; dicono i segretari di Cgil e Fiom- avrebbe dovuto convocarci a novembre scorso, ma finora niente, non ha neanche chiesto conto del suo operato a un gruppo privato che intercetta le risorse pubbliche del Pnrr, ovvero il 70% delle risorse messe a disposizione per la produzione di idrogeno, mentre toglie salari e prospettive occupazionali a un territorio gi\u00e0 abbondantemente impoverito e depredato\u201d.<\/p>\n\n\n\n<p>\u201cCi aspettiamo una presa di posizione e un intervento deciso delle istituzioni regionali\u201d, affermano Mannino, Patti, Foti e David. <\/p>\n\n\n\n<p>&#8220;Se non dovessero delinearsi prospettive produttive e occupazionali chiare per il sito siciliano &#8211; sottolineano- con il mero mantenimento della sede per drenare risorse del Pnrr, ci troveremmo di fronte a un\u2019altra operazione imprenditoriale che non lascia nulla alla Sicilia. Il governo regionale in questo e negli altri casi critici che riguardano il futuro dell\u2019industria, non pu\u00f2 stare a guardare\u201d.<\/p>\n\n\n\n<p>I segretari di Cgil e Fiom parlano di \u201cdismissione strisciante dell\u2019impianto avviata da tempo da Duferco e regolarmente &#8211; sottolineano &#8211; da noi denunciata. Scelta \u2013 rilevano- confermata anche dai recenti investimenti sull\u2019energia e sulla logistica. Dov\u2019\u00e8 &#8211; chiedono &#8211; il piano industriale per l\u2019acciaieria di Giammoro? Quale rilancio della produzione si ipotizza e quale nuova necessaria specializzazione a fronte della esternalizzazione di interi settori (attrezzeria, raddrizzo, manutenzione a giornata) e della cessione agli impianti del nord dei profili pi\u00f9 commerciali?\u201d. <\/p>\n\n\n\n<p>Cgil e Fiom peraltro ipotizzano che il sito venga lasciato in queste condizioni anche per impedire, data l\u2019infrastrutturazione strategica dell\u2019area, l\u2019insediamento di qualche concorrente\u201d.<\/p>\n\n\n\n<p>Al Ceo Gozzi, \u201cche \u00e8 anche componente della squadra del Presidente di Confindustria \u2013 osservano Cgil e Fiom- e che rilascia interviste a raffica rivendicando, come nel caso dell\u2019Ilva, certezza sul piano industriale, che chiede al Governo una politica che confermi l\u2019acciaio come asset strategico e, giustamente, e rivendica una grande operazione verit\u00e0, chiediamo certezze sul futuro dell\u2019impianto di Giammoro &#8211; conclude la nota- l\u2019unico in perenne cassa integrazione e ad aver visto dimezzarsi gli investimenti negli ultimi 5 anni. Dal canto nostro faremo il necessario per impedire l\u2019ennesimo disastro sociale ai danni di questo territorio&#8221;.<\/p>\n","protected":false},"excerpt":{"rendered":"<p>Cgil e Fiom Sicilia e di Messina chiedono chiarezza sul futuro dell&#8217;acciaieria Duferco di Giammoro e dicono &#8220;no&#8221; alla dismissione dell\u2019impianto. Cgil e Fiom chiamano in causa anche il governo regionale, al quale chiedono di intervenire sulla vicenda. A luglio si esauriranno gli ammortizzatori sociali a zero ore per i lavoratori dell\u2019acciaieria Duferco di Giammoro [&hellip;]<\/p>\n","protected":false},"author":15,"featured_media":13315,"comment_status":"open","ping_status":"open","sticky":false,"template":"","format":"standard","meta":{"ub_ctt_via":"","_mi_skip_tracking":false},"categories":[6],"tags":[9880,967,2002,8270,1063,8269],"featured_image_src":"https:\/\/www.messinaoggi.it\/website\/wp-content\/uploads\/2017\/12\/area-industriale-milazzo-e-giammoro-1.jpg","author_info":{"display_name":"red.me","author_link":"https:\/\/www.messinaoggi.it\/website\/author\/red-me\/"},"digistream_id":0,"digistream":false,"_links":{"self":[{"href":"https:\/\/www.messinaoggi.it\/website\/wp-json\/wp\/v2\/posts\/195566"}],"collection":[{"href":"https:\/\/www.messinaoggi.it\/website\/wp-json\/wp\/v2\/posts"}],"about":[{"href":"https:\/\/www.messinaoggi.it\/website\/wp-json\/wp\/v2\/types\/post"}],"author":[{"embeddable":true,"href":"https:\/\/www.messinaoggi.it\/website\/wp-json\/wp\/v2\/users\/15"}],"replies":[{"embeddable":true,"href":"https:\/\/www.messinaoggi.it\/website\/wp-json\/wp\/v2\/comments?post=195566"}],"version-history":[{"count":3,"href":"https:\/\/www.messinaoggi.it\/website\/wp-json\/wp\/v2\/posts\/195566\/revisions"}],"predecessor-version":[{"id":195569,"href":"https:\/\/www.messinaoggi.it\/website\/wp-json\/wp\/v2\/posts\/195566\/revisions\/195569"}],"wp:featuredmedia":[{"embeddable":true,"href":"https:\/\/www.messinaoggi.it\/website\/wp-json\/wp\/v2\/media\/13315"}],"wp:attachment":[{"href":"https:\/\/www.messinaoggi.it\/website\/wp-json\/wp\/v2\/media?parent=195566"}],"wp:term":[{"taxonomy":"category","embeddable":true,"href":"https:\/\/www.messinaoggi.it\/website\/wp-json\/wp\/v2\/categories?post=195566"},{"taxonomy":"post_tag","embeddable":true,"href":"https:\/\/www.messinaoggi.it\/website\/wp-json\/wp\/v2\/tags?post=195566"}],"curies":[{"name":"wp","href":"https:\/\/api.w.org\/{rel}","templated":true}]}}