{"id":19539,"date":"2018-05-18T13:30:35","date_gmt":"2018-05-18T11:30:35","guid":{"rendered":"http:\/\/www.messinaoggi.it\/website\/?p=19539"},"modified":"2018-05-18T13:30:35","modified_gmt":"2018-05-18T11:30:35","slug":"manutenzione-del-basolato-lavico-interventi-in-via-primo-settembre","status":"publish","type":"post","link":"https:\/\/www.messinaoggi.it\/website\/2018\/05\/18\/manutenzione-del-basolato-lavico-interventi-in-via-primo-settembre\/","title":{"rendered":"Manutenzione del basolato lavico, interventi in via Primo Settembre"},"content":{"rendered":"<p>Per consentire interventi di manutenzione di un tratto della pavimentazione in basolato lavico della corsia riservata di via Primo Settembre, in prossimit\u00e0 dell\u2019intersezione con la via Garibaldi, il dipartimento Mobilit\u00e0 urbana e Viabilit\u00e0 ha adottato provvedimenti viari.<br \/>\nDalle 7 di domani 19, alle 19 di domenica 20, sar\u00e0 vietata la sosta, 0-24, con zona rimozione coatta, sul lato sud della via Primo Settembre, per un tratto di 50 metri a valle dell\u2019intersezione con la via Garibaldi. Sar\u00e0 inoltre interdetta la circolazione nella corsia riservata della via I Settembre, direzione di marcia valle-monte, per un tratto di 50 metri.<br \/>\nVigeranno\u00a0 il doppio senso di circolazione, sempre in via I Settembre e per un tratto di 50 metri, a valle dell\u2019intersezione con via Garibaldi, e il limite massimo di velocit\u00e0 di 20 km\/h in via Primo Settembre, in entrambi i sensi di marcia, tra la via Garibaldi e il viale San Martino.<div id=\"div-gpt-ad-Messinaoggi.it-DSK-300x250-corpoart\" style=\"text-align:center;margin:0 auto;\"><\/div><\/p>\n<div id=\"videoincontent\" style=\"clear:both\";><\/div>","protected":false},"excerpt":{"rendered":"<p>Per consentire interventi di manutenzione di un tratto della pavimentazione in basolato lavico della corsia riservata di via Primo Settembre, in prossimit\u00e0 dell\u2019intersezione con la via Garibaldi, il dipartimento Mobilit\u00e0 urbana e Viabilit\u00e0 ha adottato provvedimenti viari. Dalle 7 di domani 19, alle 19 di domenica 20, sar\u00e0 vietata la sosta, 0-24, con zona rimozione [&hellip;]<\/p>\n","protected":false},"author":4,"featured_media":19540,"comment_status":"closed","ping_status":"open","sticky":false,"template":"","format":"standard","meta":{"ub_ctt_via":"","_mi_skip_tracking":false},"categories":[5],"tags":[],"featured_image_src":"https:\/\/www.messinaoggi.it\/website\/wp-content\/uploads\/2018\/05\/via-primo-settembre-1.jpg","author_info":{"display_name":"redme","author_link":"https:\/\/www.messinaoggi.it\/website\/author\/redme\/"},"digistream_id":0,"digistream":false,"_links":{"self":[{"href":"https:\/\/www.messinaoggi.it\/website\/wp-json\/wp\/v2\/posts\/19539"}],"collection":[{"href":"https:\/\/www.messinaoggi.it\/website\/wp-json\/wp\/v2\/posts"}],"about":[{"href":"https:\/\/www.messinaoggi.it\/website\/wp-json\/wp\/v2\/types\/post"}],"author":[{"embeddable":true,"href":"https:\/\/www.messinaoggi.it\/website\/wp-json\/wp\/v2\/users\/4"}],"replies":[{"embeddable":true,"href":"https:\/\/www.messinaoggi.it\/website\/wp-json\/wp\/v2\/comments?post=19539"}],"version-history":[{"count":0,"href":"https:\/\/www.messinaoggi.it\/website\/wp-json\/wp\/v2\/posts\/19539\/revisions"}],"wp:featuredmedia":[{"embeddable":true,"href":"https:\/\/www.messinaoggi.it\/website\/wp-json\/wp\/v2\/media\/19540"}],"wp:attachment":[{"href":"https:\/\/www.messinaoggi.it\/website\/wp-json\/wp\/v2\/media?parent=19539"}],"wp:term":[{"taxonomy":"category","embeddable":true,"href":"https:\/\/www.messinaoggi.it\/website\/wp-json\/wp\/v2\/categories?post=19539"},{"taxonomy":"post_tag","embeddable":true,"href":"https:\/\/www.messinaoggi.it\/website\/wp-json\/wp\/v2\/tags?post=19539"}],"curies":[{"name":"wp","href":"https:\/\/api.w.org\/{rel}","templated":true}]}}