{"id":195089,"date":"2024-04-19T15:22:03","date_gmt":"2024-04-19T13:22:03","guid":{"rendered":"http:\/\/www.messinaoggi.it\/website\/?p=195089"},"modified":"2024-04-19T15:22:13","modified_gmt":"2024-04-19T13:22:13","slug":"esercitazione-antincendio-ad-alcara-li-fusi-e-longi","status":"publish","type":"post","link":"https:\/\/www.messinaoggi.it\/website\/2024\/04\/19\/esercitazione-antincendio-ad-alcara-li-fusi-e-longi\/","title":{"rendered":"Esercitazione antincendio ad Alcara Li Fusi e Longi"},"content":{"rendered":"\n<p>Il Dipartimento regionale della Protezione civile, in raccordo con il comando del Corpo forestale della Regione e la Direzione regionale dei vigili del fuoco, nell&#8217;ambito delle attivit\u00e0 previsione, prevenzione, e gestione delle emergenze connesse al rischio incendi ha programmato l&#8217;organizzazione di un esercitazione regionale sul contrasto agli incendi boschivi e di interfaccia nella provincia di Messina, nel territorio dei Comuni di Alcara Li Fusi e Longi. Il direttore dell&#8217;esercitazione \u00e8 Bruno Manfr\u00e8, dirigente territoriale della provincia di Messina del Drpc Sicilia. L&#8217;esercitazione si svolger\u00e0 domani, ma anche oggi il personale \u00e8 impegnato per l&#8217;organizzazione del campo. L&#8217;evento in programma, che individua il Servizio territoriale S12 della provincia di Messina come capofila, coinvolge anche il Servizio territoriale S.10 di Caltanissetta ed Enna, e prevede la partecipazione delle organizzazioni di volontariato delle province di Messina, Enna e Caltanissetta.<div id=\"div-gpt-ad-Messinaoggi.it-DSK-300x250-corpoart\" style=\"text-align:center;margin:0 auto;\"><\/div><\/p>\n<div id=\"videoincontent\" style=\"clear:both\";><\/div>","protected":false},"excerpt":{"rendered":"<p>Il Dipartimento regionale della Protezione civile, in raccordo con il comando del Corpo forestale della Regione e la Direzione regionale dei vigili del fuoco, nell&#8217;ambito delle attivit\u00e0 previsione, prevenzione, e gestione delle emergenze connesse al rischio incendi ha programmato l&#8217;organizzazione di un esercitazione regionale sul contrasto agli incendi boschivi e di interfaccia nella provincia di [&hellip;]<\/p>\n","protected":false},"author":4,"featured_media":47707,"comment_status":"open","ping_status":"open","sticky":false,"template":"","format":"standard","meta":{"ub_ctt_via":"","_mi_skip_tracking":false},"categories":[13,18],"tags":[1424,2753,6848,2851],"featured_image_src":"https:\/\/www.messinaoggi.it\/website\/wp-content\/uploads\/2020\/10\/ACE6FF99-693B-4D5B-9156-0D563A4E0A82.jpeg","author_info":{"display_name":"redme","author_link":"https:\/\/www.messinaoggi.it\/website\/author\/redme\/"},"digistream_id":0,"digistream":false,"_links":{"self":[{"href":"https:\/\/www.messinaoggi.it\/website\/wp-json\/wp\/v2\/posts\/195089"}],"collection":[{"href":"https:\/\/www.messinaoggi.it\/website\/wp-json\/wp\/v2\/posts"}],"about":[{"href":"https:\/\/www.messinaoggi.it\/website\/wp-json\/wp\/v2\/types\/post"}],"author":[{"embeddable":true,"href":"https:\/\/www.messinaoggi.it\/website\/wp-json\/wp\/v2\/users\/4"}],"replies":[{"embeddable":true,"href":"https:\/\/www.messinaoggi.it\/website\/wp-json\/wp\/v2\/comments?post=195089"}],"version-history":[{"count":1,"href":"https:\/\/www.messinaoggi.it\/website\/wp-json\/wp\/v2\/posts\/195089\/revisions"}],"predecessor-version":[{"id":195090,"href":"https:\/\/www.messinaoggi.it\/website\/wp-json\/wp\/v2\/posts\/195089\/revisions\/195090"}],"wp:featuredmedia":[{"embeddable":true,"href":"https:\/\/www.messinaoggi.it\/website\/wp-json\/wp\/v2\/media\/47707"}],"wp:attachment":[{"href":"https:\/\/www.messinaoggi.it\/website\/wp-json\/wp\/v2\/media?parent=195089"}],"wp:term":[{"taxonomy":"category","embeddable":true,"href":"https:\/\/www.messinaoggi.it\/website\/wp-json\/wp\/v2\/categories?post=195089"},{"taxonomy":"post_tag","embeddable":true,"href":"https:\/\/www.messinaoggi.it\/website\/wp-json\/wp\/v2\/tags?post=195089"}],"curies":[{"name":"wp","href":"https:\/\/api.w.org\/{rel}","templated":true}]}}