{"id":19507,"date":"2018-05-17T15:54:52","date_gmt":"2018-05-17T13:54:52","guid":{"rendered":"http:\/\/www.messinaoggi.it\/website\/?p=19507"},"modified":"2018-05-17T15:54:52","modified_gmt":"2018-05-17T13:54:52","slug":"eleme-giorgia-meloni-incorona-bramanti-luomo-giusto-per-vincere-al-primo-turno","status":"publish","type":"post","link":"https:\/\/www.messinaoggi.it\/website\/2018\/05\/17\/eleme-giorgia-meloni-incorona-bramanti-luomo-giusto-per-vincere-al-primo-turno\/","title":{"rendered":"EleME, Giorgia Meloni incorona Bramanti: &quot;L&#039;uomo giusto per vincere al primo turno&quot;"},"content":{"rendered":"<p style=\"text-align: justify\">E\u2019 di Giorgia Meloni il volto del primo esponente politico nazionale arrivato a Messina durante la campagna elettorale delle amministrative. La leader di Fratelli d\u2019Italia ha ribadito la propria vicinanza alla citt\u00e0 dello Stretto, realt\u00e0 a cui ha sempre mostrato particolare attenzione, viste le origini messinesi del nonno materno. Inevitabile la presenza di Dino Bramanti, l\u2019uomo a cui il centrodestra ha puntato forte per tornare a governare Palazzo Zanca, ma l\u2019incontro della Marina del Nettuno \u00e8 stata l\u2019occasione per far alzare il sipario anche sui candidati di Fratelli d\u2019Italia al Consiglio Comunale e alle sei Circoscrizioni.<div id=\"div-gpt-ad-Messinaoggi.it-DSK-300x250-corpoart\" style=\"text-align:center;margin:0 auto;\"><\/div><\/p>\n<p style=\"text-align: justify\">La leader di Fratelli d\u2019Italia non si pone limiti, per lei Dino Bramanti per puntare a quel 40% necessario per far vincere il centrodestra gi\u00e0 al primo turno:<em> \u201cNoi lavoriamo per vincere al primo turno, questo \u00e8 il nostro obiettivo a cui puntiamo visto che abbiamo scelto una persona seria, competente e concreta, che gi\u00e0 nel proprio settore lavorativo ha ottenuto ottimi risultati sotto il profilo amministrativo. Pu\u00f2 essere un punto di riferimento determinante per attrarre investimenti, disponiamo di una squadra di aspiranti consiglieri che conoscono il territorio e questa per noi \u00e8 una garanzia. Dall\u2019altra parte c\u2019\u00e8 un\u2019amministrazione uscente che si \u00e8 fatta notare pi\u00f9 per momenti folcloristici come l\u2019entrata a piedi scalzi al Comune o la bandiera della pace messa in bella mostra, piuttosto che per atti che riguardano in prima persona i cittadini messinesi\u201d.<\/em><div id=\"videoincontent\" style=\"clear:both\";><\/div><\/p>\n<p style=\"text-align: justify\">In ambito nazionale, tiene banco il contratto di Governo tra Movimento 5 Stelle e Lega. Un accordo che per\u00f2 non vede come protagonista il meridione: <em>&#8220;Il centrodestra ha vinto le elezioni &#8211; ha dichiarato la Meloni &#8211; quindi per noi \u00e8 dirimente che il futuro Premier sia del centrodestra. Io ho letto il contratto di governo tra Lega e Movimento 5 Stelle, ho notato con dispiacere come il sud sia il grande assente di questo accordo. Mancano proposte per infrastrutture e lavoro e mi dispiace, visto il consenso elettorale raggiunto dal Movimento 5 Stelle in tutto il meridione. Purtroppo l&#8217;unica risposta data \u00e8 quella dell&#8217;assistenzialismo, come testimoniano i 17 miliardi di euro stanziati per il reddito di cittadinanza, fondi che invece potrebbero essere destinati alle aziende per favorire l&#8217;assunzione di giovani. Noi siamo una delle poche forze, se non l\u2019unica, a dire che le risorse per le infrastrutture vanno equamente divise tra nord e sud&#8221;.<\/em><\/p>\n<p style=\"text-align: justify\">Ben felice di raccogliere il supporto di Giorgia Meloni \u00e8 Dino Bramanti che annuncia: <em>\u201cQuando sar\u00f2 sindaco verr\u00f2 spesso a trovarti a Roma, l\u00ec dovremo interfacciarci con chi di dovere per recuperare tutti i fondi necessari. Messina paga proprio questo gap che riguarda l\u2019intercettazione dei fondi comunitari e nazionali, una carenza programmatica che ha fatto la differenza in negativo per un territorio assetato di lavoro che ha voglia di rivalsa. Tanti, troppi giovani messinesi anno dopo anno lasciano la nostra citt\u00e0, una citt\u00e0 diventata sempre pi\u00f9 \u201canziana\u201d. Senza lavoro e sviluppo non fermeremo mai questa emorragia\u201d.<\/em><\/p>\n<p style=\"text-align: justify\">Ad aderire al progetto di Fratelli d\u2019Italia \u00e8 il movimento Riabilitiamo Messina guidato da Antonio Briguglio, quest\u2019ultimo ha iniziato la campagna elettorale al fianco di Cateno De Luca, salvo poi scendere dal carro subito dopo l\u2019immediata rottura del patto con lo stesso Bramanti, patto di cui \u00e8 stato grande artefice. A fare gli onori di casa ci ha pensato la deputata regionale Elvira Amata: <em>\u201cMessina ha una grande opportunit\u00e0, possiamo far tornare la competenza e la buona politica alla guida della citt\u00e0. L\u2019amministrazione Accorinti si \u00e8 premurata di tutti tranne che dei messinesi. E\u2019 stata l\u2019amministrazione che ha permesso l\u2019invasione dei clandestini nella nostra citt\u00e0, che ha creato centri d\u2019accoglienza in zone disagiate, non tenendo conto di quei cittadini che dormono in macchina o che sono costretti ad andare a mangiare nella mensa di Sant\u2019Antonio\u201d.<\/em><\/p>\n","protected":false},"excerpt":{"rendered":"<p>E\u2019 di Giorgia Meloni il volto del primo esponente politico nazionale arrivato a Messina durante la campagna elettorale delle amministrative. La leader di Fratelli d\u2019Italia ha ribadito la propria vicinanza alla citt\u00e0 dello Stretto, realt\u00e0 a cui ha sempre mostrato particolare attenzione, viste le origini messinesi del nonno materno. Inevitabile la presenza di Dino Bramanti, [&hellip;]<\/p>\n","protected":false},"author":14,"featured_media":19506,"comment_status":"closed","ping_status":"open","sticky":false,"template":"","format":"standard","meta":{"ub_ctt_via":"","_mi_skip_tracking":false},"categories":[6],"tags":[],"featured_image_src":"https:\/\/www.messinaoggi.it\/website\/wp-content\/uploads\/2018\/05\/IMG_20180517_123018-1.jpg","author_info":{"display_name":"Antonio Macauda","author_link":"https:\/\/www.messinaoggi.it\/website\/author\/a-macauda\/"},"digistream_id":0,"digistream":false,"_links":{"self":[{"href":"https:\/\/www.messinaoggi.it\/website\/wp-json\/wp\/v2\/posts\/19507"}],"collection":[{"href":"https:\/\/www.messinaoggi.it\/website\/wp-json\/wp\/v2\/posts"}],"about":[{"href":"https:\/\/www.messinaoggi.it\/website\/wp-json\/wp\/v2\/types\/post"}],"author":[{"embeddable":true,"href":"https:\/\/www.messinaoggi.it\/website\/wp-json\/wp\/v2\/users\/14"}],"replies":[{"embeddable":true,"href":"https:\/\/www.messinaoggi.it\/website\/wp-json\/wp\/v2\/comments?post=19507"}],"version-history":[{"count":0,"href":"https:\/\/www.messinaoggi.it\/website\/wp-json\/wp\/v2\/posts\/19507\/revisions"}],"wp:featuredmedia":[{"embeddable":true,"href":"https:\/\/www.messinaoggi.it\/website\/wp-json\/wp\/v2\/media\/19506"}],"wp:attachment":[{"href":"https:\/\/www.messinaoggi.it\/website\/wp-json\/wp\/v2\/media?parent=19507"}],"wp:term":[{"taxonomy":"category","embeddable":true,"href":"https:\/\/www.messinaoggi.it\/website\/wp-json\/wp\/v2\/categories?post=19507"},{"taxonomy":"post_tag","embeddable":true,"href":"https:\/\/www.messinaoggi.it\/website\/wp-json\/wp\/v2\/tags?post=19507"}],"curies":[{"name":"wp","href":"https:\/\/api.w.org\/{rel}","templated":true}]}}