{"id":19492,"date":"2018-05-17T11:17:26","date_gmt":"2018-05-17T09:17:26","guid":{"rendered":"http:\/\/www.messinaoggi.it\/website\/?p=19492"},"modified":"2018-05-17T11:17:26","modified_gmt":"2018-05-17T09:17:26","slug":"il-teatro-vittorio-emanuele-ospita-il-vernissage-di-gennaro-carresi","status":"publish","type":"post","link":"https:\/\/www.messinaoggi.it\/website\/2018\/05\/17\/il-teatro-vittorio-emanuele-ospita-il-vernissage-di-gennaro-carresi\/","title":{"rendered":"Il Teatro Vittorio Emanuele ospita il vernissage di Gennaro Carresi"},"content":{"rendered":"<p>Domani, alle ore 18.00, nell\u2019ambito del progetto \u201cOpera al centro\u201d, curato da Giuseppe La Motta e promosso dalla Sezione Arti Visive del Teatro di Messina, sar\u00e0 inaugurato \u00a0il vernissage di Gennaro Carresi, che ha ricevuto dall\u2019On. Ministro Dario Franceschini il patrocinio del Ministero dei Beni e delle Attivit\u00e0 Culturali e del Turismo. La mostra potr\u00e0 essere visitata fino a mercoled\u00ec 30 ma dalle ore 10.00 alle ore 13.00 e dalle 16.30 alle ore \u00a019.00, escluso il luned\u00ec.<br \/>\nIn quest\u2019occasione Messina incontrer\u00e0 Reggio Calabria nel segno dell&#8217;arte con un&#8217;idea di conurbazione tra le due citt\u00e0 metropolitane. Gli spazi espositivi del Teatro, infatti, ospiteranno una selezione di circa 30 opere, tra sculture e disegni, dell&#8217;artista reggino Gennaro Carresi.<br \/>\n<img loading=\"lazy\" class=\"alignnone size-medium wp-image-19495\" src=\"http:\/\/www.messinaoggi.it\/website\/wp-content\/uploads\/2018\/05\/090-Carresi-200x300.jpg\" alt=\"\" width=\"200\" height=\"300\" \/><br \/>\nIn essi sar\u00e0 raccontata la sua \u00a0lunga e prolifica carriera, classe 1948, che ha visto l&#8217;artista impegnato su committenze pubbliche e private, prendere parte alla vita artistica e partecipare a numerose mostre nazionali ed internazionali, si pensi alla partecipazione nel 1974, nell&#8217;ambito della Giornate della Cultura Italiana in URSS, alla mostra di artisti calabresi in Bielorussia.<br \/>\nTre gli ambiti su cui si svilupper\u00e0 l&#8217;esposizione messinese e che rappresentano al meglio i campi di ricerca dell&#8217;artista. La ricerca formale, incentrata sullo studio naturalistico e della figura.<br \/>\nLe sculture ed i disegni sulle tematiche, ampiamente esplorate da Carresi, dell&#8217;ecologia e del sociale: la prima fa riferimento alla ricerca dello sculture sul clima, l&#8217;ambiente e l&#8217;aggressione sugli elementi che si traduce in elemento plastico; la seconda, invece, attinge dai fatti di attualit\u00e0 che hanno suggerito all&#8217;artista di affrontare una ricerca che avesse al centro l&#8217;aggressione sull&#8217;uomo, si pensi al riferimento nelle opere di Carresi ai tragici episodi di cronaca riguardanti i sequestri di persona avvenuti in Italia tra gli anni Settanta e Ottanta. Ed infine, spazio verr\u00e0 dedicato al nuovo filone di ricerca di Gennaro Carresi, ricavato dai miti greci che costituiscono la base di un lavoro che vuole rappresentare non l&#8217;aspetto illustrativo del racconto mitico, bens\u00ec trasferirne i significati nell&#8217;era contemporanea per leggere il presente. Le Metamorfosi di Ovidio o l&#8217;Odissea di Omero &#8211; in un approccio pi\u00f9 vicino al racconto dell&#8217;Ulisse di Joyce &#8211; divengono base per Carresi per affrontare attraverso la scultura ed il disegno il reale, si pensi alla tematica dell&#8217;immigrazione, del naufragio e dei viaggi di speranza o alle difficolt\u00e0 che si trova ad affrontare oggi l&#8217;uomo, un Ulisse contemporaneo, nel vivere la modernit\u00e0. All\u2019evento \u00a0prenderanno parte il Presidente del Teatro di Messina, Luciano Fiorino e il Sovrintendente Egidio Bernava.<br \/>\nUn evento da non perdere per immergersi nel lungo racconto\u00a0 dell\u2019artista e sentirsi subito a casa.<div id=\"div-gpt-ad-Messinaoggi.it-DSK-300x250-corpoart\" style=\"text-align:center;margin:0 auto;\"><\/div><\/p>\n<div id=\"videoincontent\" style=\"clear:both\";><\/div>","protected":false},"excerpt":{"rendered":"<p>Domani, alle ore 18.00, nell\u2019ambito del progetto \u201cOpera al centro\u201d, curato da Giuseppe La Motta e promosso dalla Sezione Arti Visive del Teatro di Messina, sar\u00e0 inaugurato \u00a0il vernissage di Gennaro Carresi, che ha ricevuto dall\u2019On. Ministro Dario Franceschini il patrocinio del Ministero dei Beni e delle Attivit\u00e0 Culturali e del Turismo. La mostra potr\u00e0 [&hellip;]<\/p>\n","protected":false},"author":5,"featured_media":19493,"comment_status":"closed","ping_status":"open","sticky":false,"template":"","format":"standard","meta":{"ub_ctt_via":"","_mi_skip_tracking":false},"categories":[16],"tags":[],"featured_image_src":"https:\/\/www.messinaoggi.it\/website\/wp-content\/uploads\/2018\/05\/CARRESI-70x100-2.jpg","author_info":{"display_name":"Maria Antonella Saia","author_link":"https:\/\/www.messinaoggi.it\/website\/author\/m-saia\/"},"digistream_id":0,"digistream":false,"_links":{"self":[{"href":"https:\/\/www.messinaoggi.it\/website\/wp-json\/wp\/v2\/posts\/19492"}],"collection":[{"href":"https:\/\/www.messinaoggi.it\/website\/wp-json\/wp\/v2\/posts"}],"about":[{"href":"https:\/\/www.messinaoggi.it\/website\/wp-json\/wp\/v2\/types\/post"}],"author":[{"embeddable":true,"href":"https:\/\/www.messinaoggi.it\/website\/wp-json\/wp\/v2\/users\/5"}],"replies":[{"embeddable":true,"href":"https:\/\/www.messinaoggi.it\/website\/wp-json\/wp\/v2\/comments?post=19492"}],"version-history":[{"count":0,"href":"https:\/\/www.messinaoggi.it\/website\/wp-json\/wp\/v2\/posts\/19492\/revisions"}],"wp:featuredmedia":[{"embeddable":true,"href":"https:\/\/www.messinaoggi.it\/website\/wp-json\/wp\/v2\/media\/19493"}],"wp:attachment":[{"href":"https:\/\/www.messinaoggi.it\/website\/wp-json\/wp\/v2\/media?parent=19492"}],"wp:term":[{"taxonomy":"category","embeddable":true,"href":"https:\/\/www.messinaoggi.it\/website\/wp-json\/wp\/v2\/categories?post=19492"},{"taxonomy":"post_tag","embeddable":true,"href":"https:\/\/www.messinaoggi.it\/website\/wp-json\/wp\/v2\/tags?post=19492"}],"curies":[{"name":"wp","href":"https:\/\/api.w.org\/{rel}","templated":true}]}}