{"id":19491,"date":"2018-05-17T10:40:00","date_gmt":"2018-05-17T08:40:00","guid":{"rendered":"http:\/\/www.messinaoggi.it\/website\/?p=19491"},"modified":"2018-05-17T10:40:00","modified_gmt":"2018-05-17T08:40:00","slug":"eleme-si-profila-un-caso-sciacca-possibile-la-sua-ineleggibilita","status":"publish","type":"post","link":"https:\/\/www.messinaoggi.it\/website\/2018\/05\/17\/eleme-si-profila-un-caso-sciacca-possibile-la-sua-ineleggibilita\/","title":{"rendered":"Eleme. Si profila un caso-Sciacca, possibile la sua ineleggibilit\u00e0"},"content":{"rendered":"<p style=\"text-align: justify;\">Gaetano Sciacca, candidato a sindaco di Messina con il M5S, potrebbe essere ineleggibile. Secondo quanto trapela da ambienti politici, il massimo responsabile dell&#8217;Ispettorato del Lavoro, non essendosi messo in aspettativa rischia di non essere eleggibile, in caso di elezione.<div id=\"div-gpt-ad-Messinaoggi.it-DSK-300x250-corpoart\" style=\"text-align:center;margin:0 auto;\"><\/div><\/p>\n<p style=\"text-align: justify;\">Sull&#8217;argomento abbiamo sentito alcuni avvocati amministrativisti, i quali confermano le indiscrezioni trapelate. Infatti, Gaetano Sciacca, da ieri mattina \u00e8 formalmente in ferie dal suo ufficio e non in aspettativa come prevede la legge. Formalmente Sciacca \u00e8 candidabile ma non eleggibile. La differenza \u00e8 sostanziale.<div id=\"videoincontent\" style=\"clear:both\";><\/div><\/p>\n<p style=\"text-align: justify;\">Sull&#8217;argomento, gli avversari politici stanno affilando le armi e si profilano settimane di campagna elettorale arroventate. Sul capo di Sciacca pende quindi una &#8220;spada di Damocle&#8221; che potrebbe scatenare il caos in caso di elezione del rappresentate dei grillini. Di fatto, si azzererebbero le elezioni amministrative, nel caso in cui venisse eletto Gaetano Sciacca.<\/p>\n","protected":false},"excerpt":{"rendered":"<p>Gaetano Sciacca, candidato a sindaco di Messina con il M5S, potrebbe essere ineleggibile. Secondo quanto trapela da ambienti politici, il massimo responsabile dell&#8217;Ispettorato del Lavoro, non essendosi messo in aspettativa rischia di non essere eleggibile, in caso di elezione. Sull&#8217;argomento abbiamo sentito alcuni avvocati amministrativisti, i quali confermano le indiscrezioni trapelate. Infatti, Gaetano Sciacca, da [&hellip;]<\/p>\n","protected":false},"author":2,"featured_media":1690,"comment_status":"closed","ping_status":"open","sticky":false,"template":"","format":"standard","meta":{"ub_ctt_via":"","_mi_skip_tracking":false},"categories":[19,4],"tags":[],"featured_image_src":"https:\/\/www.messinaoggi.it\/website\/wp-content\/uploads\/2017\/06\/comune-conf-stampa-sciacca-3-1-2.jpg","author_info":{"display_name":"Redazione","author_link":"https:\/\/www.messinaoggi.it\/website\/author\/redazione\/"},"digistream_id":0,"digistream":false,"_links":{"self":[{"href":"https:\/\/www.messinaoggi.it\/website\/wp-json\/wp\/v2\/posts\/19491"}],"collection":[{"href":"https:\/\/www.messinaoggi.it\/website\/wp-json\/wp\/v2\/posts"}],"about":[{"href":"https:\/\/www.messinaoggi.it\/website\/wp-json\/wp\/v2\/types\/post"}],"author":[{"embeddable":true,"href":"https:\/\/www.messinaoggi.it\/website\/wp-json\/wp\/v2\/users\/2"}],"replies":[{"embeddable":true,"href":"https:\/\/www.messinaoggi.it\/website\/wp-json\/wp\/v2\/comments?post=19491"}],"version-history":[{"count":0,"href":"https:\/\/www.messinaoggi.it\/website\/wp-json\/wp\/v2\/posts\/19491\/revisions"}],"wp:featuredmedia":[{"embeddable":true,"href":"https:\/\/www.messinaoggi.it\/website\/wp-json\/wp\/v2\/media\/1690"}],"wp:attachment":[{"href":"https:\/\/www.messinaoggi.it\/website\/wp-json\/wp\/v2\/media?parent=19491"}],"wp:term":[{"taxonomy":"category","embeddable":true,"href":"https:\/\/www.messinaoggi.it\/website\/wp-json\/wp\/v2\/categories?post=19491"},{"taxonomy":"post_tag","embeddable":true,"href":"https:\/\/www.messinaoggi.it\/website\/wp-json\/wp\/v2\/tags?post=19491"}],"curies":[{"name":"wp","href":"https:\/\/api.w.org\/{rel}","templated":true}]}}