{"id":194821,"date":"2024-04-17T17:38:32","date_gmt":"2024-04-17T15:38:32","guid":{"rendered":"http:\/\/www.messinaoggi.it\/website\/?p=194821"},"modified":"2024-04-17T17:38:43","modified_gmt":"2024-04-17T15:38:43","slug":"scandalo-sammartino-cantarella-tuona-isolato-nella-lega-preferiti-voti-facili-da-ultimi-arrivati","status":"publish","type":"post","link":"https:\/\/www.messinaoggi.it\/website\/2024\/04\/17\/scandalo-sammartino-cantarella-tuona-isolato-nella-lega-preferiti-voti-facili-da-ultimi-arrivati\/","title":{"rendered":"Scandalo Sammartino, Cantarella tuona: &#8220;Isolato nella Lega, preferiti voti facili da ultimi arrivati&#8221;"},"content":{"rendered":"\n<p>&#8220;Preferiti i tanti voti facili degli ultimi arrivati ai pochi ma genuini degli storici e coerenti militanti. Da tempo denuncio pubblicamente quanto sta accadendo nella Lega in Sicilia e per tutta risposta sono stato isolato e addirittura l\u2019attuale commissario del partito regionale, il sottosegretario Claudio Durigon, ha proposto la mia espulsione dal partito, votata anche dall\u2019on. Stefano Candiani, che la Sicilia dovrebbe conoscerla molto bene\u201d. L\u2019avvocato Fabio Cantarella, fondatore della Lega in Sicilia, commenta l\u2019inchiesta Pandora della Procura di Catania in cui \u00e8 indagato per corruzione il vicegovernatore e assessore regionale all\u2019Agricoltura Luca Sammartino della Lega.<div id=\"div-gpt-ad-Messinaoggi.it-DSK-300x250-corpoart\" style=\"text-align:center;margin:0 auto;\"><\/div><\/p>\n\n\n\n<p>\u201cQuesto \u2013 aggiunge Cantarella \u2013 solo perch\u00e9 sono stato costretto a lanciare l\u2019allarme sulla stampa dopo che, violando le norme dello Statuto, mi hanno escluso da ogni riunione nonostante io, da fondatore della Lega in Sicilia, per Statuto sia membro dell\u2019assemblea e del direttivo regionale. Durigon ha ereditato gli errori commessi da Matteo Salvini, a sua volta mal consigliato dall\u2019onorevole Anastasio Carr\u00e0. Avevo messo in guardia Salvini anche con numerosi e puntuali messaggi e mi \u00e8 caduto dal cuore e dalla mente quando per chiudere il discorso mi ha risposto testualmente \u2018pi\u00f9 processi ha e pi\u00f9 mi sta simpatico. Quello che ho subito io solo per aver chiesto attenzione sui temi della legalit\u00e0 e della trasparenza non lo auguro a nessuno. Merita qualificata verifica anche quanto \u00e8 accaduto in occasione della composizione dell\u2019ultima giunta a Catania. Il segretario federale Matteo Salvini e l\u2019allora commissario regionale Annalisa Tardino entrarono in municipio nella stanza del sindaco Enrico Trantino e indicarono il mio nome quale secondo assessore della Lega. Da quel momento iniziarono delle pressioni inaccettabili da parte di Luca Sammartino che ha preteso e ottenuto che il mio nome venisse escluso. Ho il diritto di sapere cosa accadde, che tipo di pressioni ci furono per costringere un leader come Salvini a rimangiarsi il suo libero convincimento&#8221;<div id=\"videoincontent\" style=\"clear:both\";><\/div><\/p>\n","protected":false},"excerpt":{"rendered":"<p>&#8220;Preferiti i tanti voti facili degli ultimi arrivati ai pochi ma genuini degli storici e coerenti militanti. Da tempo denuncio pubblicamente quanto sta accadendo nella Lega in Sicilia e per tutta risposta sono stato isolato e addirittura l\u2019attuale commissario del partito regionale, il sottosegretario Claudio Durigon, ha proposto la mia espulsione dal partito, votata anche [&hellip;]<\/p>\n","protected":false},"author":4,"featured_media":194822,"comment_status":"open","ping_status":"open","sticky":false,"template":"","format":"standard","meta":{"ub_ctt_via":"","_mi_skip_tracking":false},"categories":[4],"tags":[1233,719,1035],"featured_image_src":"https:\/\/www.messinaoggi.it\/website\/wp-content\/uploads\/2024\/04\/Screenshot_20240417_173724_Facebook.jpg","author_info":{"display_name":"redme","author_link":"https:\/\/www.messinaoggi.it\/website\/author\/redme\/"},"digistream_id":0,"digistream":false,"_links":{"self":[{"href":"https:\/\/www.messinaoggi.it\/website\/wp-json\/wp\/v2\/posts\/194821"}],"collection":[{"href":"https:\/\/www.messinaoggi.it\/website\/wp-json\/wp\/v2\/posts"}],"about":[{"href":"https:\/\/www.messinaoggi.it\/website\/wp-json\/wp\/v2\/types\/post"}],"author":[{"embeddable":true,"href":"https:\/\/www.messinaoggi.it\/website\/wp-json\/wp\/v2\/users\/4"}],"replies":[{"embeddable":true,"href":"https:\/\/www.messinaoggi.it\/website\/wp-json\/wp\/v2\/comments?post=194821"}],"version-history":[{"count":1,"href":"https:\/\/www.messinaoggi.it\/website\/wp-json\/wp\/v2\/posts\/194821\/revisions"}],"predecessor-version":[{"id":194823,"href":"https:\/\/www.messinaoggi.it\/website\/wp-json\/wp\/v2\/posts\/194821\/revisions\/194823"}],"wp:featuredmedia":[{"embeddable":true,"href":"https:\/\/www.messinaoggi.it\/website\/wp-json\/wp\/v2\/media\/194822"}],"wp:attachment":[{"href":"https:\/\/www.messinaoggi.it\/website\/wp-json\/wp\/v2\/media?parent=194821"}],"wp:term":[{"taxonomy":"category","embeddable":true,"href":"https:\/\/www.messinaoggi.it\/website\/wp-json\/wp\/v2\/categories?post=194821"},{"taxonomy":"post_tag","embeddable":true,"href":"https:\/\/www.messinaoggi.it\/website\/wp-json\/wp\/v2\/tags?post=194821"}],"curies":[{"name":"wp","href":"https:\/\/api.w.org\/{rel}","templated":true}]}}