{"id":194771,"date":"2024-04-17T10:59:35","date_gmt":"2024-04-17T08:59:35","guid":{"rendered":"http:\/\/www.messinaoggi.it\/website\/?p=194771"},"modified":"2024-04-17T10:18:37","modified_gmt":"2024-04-17T08:18:37","slug":"lombardo-mpa-si-accasa-con-forza-italia","status":"publish","type":"post","link":"https:\/\/www.messinaoggi.it\/website\/2024\/04\/17\/lombardo-mpa-si-accasa-con-forza-italia\/","title":{"rendered":"Lombardo (Mpa) si accasa con Forza Italia"},"content":{"rendered":"\n<p>Rinasce e si rafforza l&#8217;accordo politico elettorale tra Forza Italia e il movimento dei popolari e autonomisti di Raffaele Lombardo in vista delle Europee. L&#8217;accordo \u00e8 stato sancito a Roma in un incontro a cui hanno preso parte oltre allo stesso ex presidente Lombardo il segretario nazionale di Forza Italia Antonio Tajani, il presidente del Consiglio nazionale Renato Schifani ed i responsabili regionali dei due partiti, il coordinatore Marcello Caruso e il vice coordinatore Riccardo Gallo per Forza Italia e Fabio Mancuso per il movimento per l&#8217;Autonomia.<div id=\"div-gpt-ad-Messinaoggi.it-DSK-300x250-corpoart\" style=\"text-align:center;margin:0 auto;\"><\/div><\/p>\n\n\n\n<p>Per Antonio Tajani, &#8220;Forza Italia prosegue nel percorso di rafforzamento delle alleanze e delle collaborazioni con le forze politiche radicate nei territori e che si muovono nel solco della tradizione e della storia del Partito Popolare Europeo.<br>Un lavoro per dare giusta visibilit\u00e0 e rappresentanza alle tante realt\u00e0 delle nostre regioni, in ottica unitaria e nazionale che vuole mettere a frutto le opportunit\u00e0 offerte dall&#8217;Europa e affermare in Europa i valori popolari e moderati.&#8221;<div id=\"videoincontent\" style=\"clear:both\";><\/div><\/p>\n\n\n\n<p>&#8220;Gi\u00e0 nel 2014 e nel 2019 &#8211; ricorda Lombardo &#8211; avavemo sostenuto con la nostra presenza le liste di Forza Italia alle europee, ed oggi si conferma un rapporto di collaborazione politica che \u00e8 frutto della grande sintonia, stima ed amicizia che mi ha legato al Presidente Silvio Berlusconi.&#8221;<br>Marcello Caruso sottolinea la valenza politica dell&#8217;alleanza tra Forza Italia \u00e8 il Movimento per l&#8217;Autonomia &#8220;che &#8211; afferma &#8211; rafforza il ruolo di tutti i moderati all&#8217;interno della coalizione di centrodestra e getta le basi per una sempre pi\u00f9 proficua collaborazione politica e istituzionale a tutti i livelli istituzionali.&#8221;<\/p>\n","protected":false},"excerpt":{"rendered":"<p>Rinasce e si rafforza l&#8217;accordo politico elettorale tra Forza Italia e il movimento dei popolari e autonomisti di Raffaele Lombardo in vista delle Europee. L&#8217;accordo \u00e8 stato sancito a Roma in un incontro a cui hanno preso parte oltre allo stesso ex presidente Lombardo il segretario nazionale di Forza Italia Antonio Tajani, il presidente del [&hellip;]<\/p>\n","protected":false},"author":2,"featured_media":194772,"comment_status":"open","ping_status":"open","sticky":false,"template":"","format":"standard","meta":{"ub_ctt_via":"","_mi_skip_tracking":false},"categories":[4,11],"tags":[625,3800,3186],"featured_image_src":"https:\/\/www.messinaoggi.it\/website\/wp-content\/uploads\/2024\/04\/IMG-20240416-WA0016-scaled.jpg","author_info":{"display_name":"Redazione","author_link":"https:\/\/www.messinaoggi.it\/website\/author\/redazione\/"},"digistream_id":0,"digistream":false,"_links":{"self":[{"href":"https:\/\/www.messinaoggi.it\/website\/wp-json\/wp\/v2\/posts\/194771"}],"collection":[{"href":"https:\/\/www.messinaoggi.it\/website\/wp-json\/wp\/v2\/posts"}],"about":[{"href":"https:\/\/www.messinaoggi.it\/website\/wp-json\/wp\/v2\/types\/post"}],"author":[{"embeddable":true,"href":"https:\/\/www.messinaoggi.it\/website\/wp-json\/wp\/v2\/users\/2"}],"replies":[{"embeddable":true,"href":"https:\/\/www.messinaoggi.it\/website\/wp-json\/wp\/v2\/comments?post=194771"}],"version-history":[{"count":1,"href":"https:\/\/www.messinaoggi.it\/website\/wp-json\/wp\/v2\/posts\/194771\/revisions"}],"predecessor-version":[{"id":194773,"href":"https:\/\/www.messinaoggi.it\/website\/wp-json\/wp\/v2\/posts\/194771\/revisions\/194773"}],"wp:featuredmedia":[{"embeddable":true,"href":"https:\/\/www.messinaoggi.it\/website\/wp-json\/wp\/v2\/media\/194772"}],"wp:attachment":[{"href":"https:\/\/www.messinaoggi.it\/website\/wp-json\/wp\/v2\/media?parent=194771"}],"wp:term":[{"taxonomy":"category","embeddable":true,"href":"https:\/\/www.messinaoggi.it\/website\/wp-json\/wp\/v2\/categories?post=194771"},{"taxonomy":"post_tag","embeddable":true,"href":"https:\/\/www.messinaoggi.it\/website\/wp-json\/wp\/v2\/tags?post=194771"}],"curies":[{"name":"wp","href":"https:\/\/api.w.org\/{rel}","templated":true}]}}