{"id":19477,"date":"2018-05-16T23:30:39","date_gmt":"2018-05-16T21:30:39","guid":{"rendered":"http:\/\/www.messinaoggi.it\/website\/?p=19477"},"modified":"2018-05-16T23:30:39","modified_gmt":"2018-05-16T21:30:39","slug":"mobilita-e-infrastrutture-venerdi-convegno-di-cittadinanza-attiva-e-d-u-o-onlus-con-lassessore-grasso","status":"publish","type":"post","link":"https:\/\/www.messinaoggi.it\/website\/2018\/05\/16\/mobilita-e-infrastrutture-venerdi-convegno-di-cittadinanza-attiva-e-d-u-o-onlus-con-lassessore-grasso\/","title":{"rendered":"Mobilit\u00e0 e infrastrutture, venerd\u00ec convegno di Cittadinanza Attiva e D.U.O. Onlus con l&#039;assessore Grasso"},"content":{"rendered":"<p style=\"text-align: justify\">Le associazioni D.U.O. Onlus e Cittadinanza Attiva sono gli organizzatori del convegno dal titolo &#8220;Infrastrutture: Trasporti e Mobilit\u00e0 nella Citt\u00e0 Metropolitana di Messina&#8221;. L&#8217;incontro si terr\u00e0 venerd\u00ec 18 maggio ale 16,30 nella sala consiliare della Citt\u00e0 Metropolitana di Messina. Ad introdurre i lavori saranno il presidente di Cittadinanza Attiva, Giuseppe Pracanica<strong>,<\/strong> e la vicepresidente di D.U.O. Onlus, Assunta Massaro. I moderatori saranno il giornalista Luigi Stancanelli e la presidente di D.U.O. Onlus, Genny Lello. All&#8217;incontro parteciperanno Bernadette Grasso, assessore agli Enti Locali della Regione siciliana, Michele Limosani, docente ordinario del Dipartimento\u00a0 Economia dell&#8217;Universit\u00e0 di Messina, Tonino Genovese, Segretario Generale Cisl Messina ed Emilio Fragale, ex direttore generale del Comune di Messina.<div id=\"div-gpt-ad-Messinaoggi.it-DSK-300x250-corpoart\" style=\"text-align:center;margin:0 auto;\"><\/div><\/p>\n<p style=\"text-align: justify\">Gli interventi programmati saranno di Giovanni Pino, Cittadinanza Attiva, Michele Bisignano, Labormetro, Santi Monforte, dipartimento mobilit\u00e0 Cisl Messina, Matteo Francilia, candidato sindaco del Comune di Furci, e Daniela Micali vicepresidente d Rete Civica. D.U.O. Onlus e Cittadinanza Attiva ci tengono a sottolineare come durante l&#8217;incontro sar\u00e0 affrontato il tema della mobilit\u00e0 a tutto tondo, tema ritenuto fondamentale perch\u00e8 senza lo sviluppo infrastrutturale non si potranno mai sfruttare a pieno del potenzialit\u00e0 del nostro territorio cittadino, provinciale e regionale. All&#8217;evento sono stati invitati tutti i candidati alla carica di sindaco del Comune di Messina.<div id=\"videoincontent\" style=\"clear:both\";><\/div><\/p>\n","protected":false},"excerpt":{"rendered":"<p>Le associazioni D.U.O. Onlus e Cittadinanza Attiva sono gli organizzatori del convegno dal titolo &#8220;Infrastrutture: Trasporti e Mobilit\u00e0 nella Citt\u00e0 Metropolitana di Messina&#8221;. L&#8217;incontro si terr\u00e0 venerd\u00ec 18 maggio ale 16,30 nella sala consiliare della Citt\u00e0 Metropolitana di Messina. Ad introdurre i lavori saranno il presidente di Cittadinanza Attiva, Giuseppe Pracanica, e la vicepresidente di [&hellip;]<\/p>\n","protected":false},"author":15,"featured_media":16375,"comment_status":"closed","ping_status":"open","sticky":false,"template":"","format":"standard","meta":{"ub_ctt_via":"","_mi_skip_tracking":false},"categories":[4],"tags":[],"featured_image_src":"https:\/\/www.messinaoggi.it\/website\/wp-content\/uploads\/2018\/03\/A18-letojanni-frana-autostrada-1.jpg","author_info":{"display_name":"red.me","author_link":"https:\/\/www.messinaoggi.it\/website\/author\/red-me\/"},"digistream_id":0,"digistream":false,"_links":{"self":[{"href":"https:\/\/www.messinaoggi.it\/website\/wp-json\/wp\/v2\/posts\/19477"}],"collection":[{"href":"https:\/\/www.messinaoggi.it\/website\/wp-json\/wp\/v2\/posts"}],"about":[{"href":"https:\/\/www.messinaoggi.it\/website\/wp-json\/wp\/v2\/types\/post"}],"author":[{"embeddable":true,"href":"https:\/\/www.messinaoggi.it\/website\/wp-json\/wp\/v2\/users\/15"}],"replies":[{"embeddable":true,"href":"https:\/\/www.messinaoggi.it\/website\/wp-json\/wp\/v2\/comments?post=19477"}],"version-history":[{"count":0,"href":"https:\/\/www.messinaoggi.it\/website\/wp-json\/wp\/v2\/posts\/19477\/revisions"}],"wp:featuredmedia":[{"embeddable":true,"href":"https:\/\/www.messinaoggi.it\/website\/wp-json\/wp\/v2\/media\/16375"}],"wp:attachment":[{"href":"https:\/\/www.messinaoggi.it\/website\/wp-json\/wp\/v2\/media?parent=19477"}],"wp:term":[{"taxonomy":"category","embeddable":true,"href":"https:\/\/www.messinaoggi.it\/website\/wp-json\/wp\/v2\/categories?post=19477"},{"taxonomy":"post_tag","embeddable":true,"href":"https:\/\/www.messinaoggi.it\/website\/wp-json\/wp\/v2\/tags?post=19477"}],"curies":[{"name":"wp","href":"https:\/\/api.w.org\/{rel}","templated":true}]}}