{"id":194701,"date":"2024-04-17T09:00:00","date_gmt":"2024-04-17T07:00:00","guid":{"rendered":"http:\/\/www.messinaoggi.it\/website\/?p=194701"},"modified":"2024-04-16T22:21:46","modified_gmt":"2024-04-16T20:21:46","slug":"torna-piazza-dellarte-levento-dei-talenti","status":"publish","type":"post","link":"https:\/\/www.messinaoggi.it\/website\/2024\/04\/17\/torna-piazza-dellarte-levento-dei-talenti\/","title":{"rendered":"Torna Piazza dell&#8217;Arte, l&#8217;evento dei talenti"},"content":{"rendered":"\n<p>Torna l\u2019appuntamento organizzato dall\u2019Associazione Morgana: Piazza dell&#8217;Arte, un evento unico in cui talento e divertimento si uniscono per regalare a tutta la citt\u00e0 una notte di magia. Con laboratori artistici, mostre fotografiche, esibizioni di giovani musicisti ed artisti di vario genere, un teatro all\u2019aperto, allestito all&#8217;interno del cortile centrale dell\u2019Universit\u00e0 di Messina, \u00e8 uno tra gli appuntamenti pi\u00f9 attesi della primavera messinese che giunge quest&#8217;anno alla sua IX edizione.<div id=\"div-gpt-ad-Messinaoggi.it-DSK-300x250-corpoart\" style=\"text-align:center;margin:0 auto;\"><\/div><\/p>\n\n\n\n<p><br>La Piazza dell&#8217;Arte nasce dall&#8217;impegno dell&#8217;Associazione culturale Morgana, che dal 2012 \u00e8 impegnata sul territorio, nelle istituzioni universitarie e nelle scuole.<div id=\"videoincontent\" style=\"clear:both\";><\/div><\/p>\n\n\n\n<p>L&#8217;evento quest\u2019anno \u00e8 fissato per il 16 maggio e come ogni anno si pone l\u2019obiettivo di coinvolgere migliaia di giovani e famiglie.<br>La manifestazione \u00e8 aperta a tutta cittadinanza ed \u00e8 interamente gratuita grazie al sostegno degli sponsor ed al lavoro dei ragazzi dell&#8217;associazione Morgana.<\/p>\n\n\n\n<p><br>Il filo conduttore di ogni edizione \u00e8 la promozione dei talenti artistici e delle attivit\u00e0 di cui il nostro territorio gode, band, solisti, gruppi di ballo, giocolieri, gruppi teatrali, chiunque faccia dell\u2019arte uno stile di vita, \u00e8 invitato ad inviare la propria candidatura.<\/p>\n\n\n\n<p><br>Tutti i giovani artisti, che armati di talento e determinazione intendono mettersi in gioco, possono inviare una mail all&#8217;indirizzo associazione.morgana@gmail.com e trovare il bando della manifestazione all\u2019interno delle pagine social dell\u2019Associazione Morgana.<\/p>\n","protected":false},"excerpt":{"rendered":"<p>Torna l\u2019appuntamento organizzato dall\u2019Associazione Morgana: Piazza dell&#8217;Arte, un evento unico in cui talento e divertimento si uniscono per regalare a tutta la citt\u00e0 una notte di magia. Con laboratori artistici, mostre fotografiche, esibizioni di giovani musicisti ed artisti di vario genere, un teatro all\u2019aperto, allestito all&#8217;interno del cortile centrale dell\u2019Universit\u00e0 di Messina, \u00e8 uno tra [&hellip;]<\/p>\n","protected":false},"author":15,"featured_media":194715,"comment_status":"open","ping_status":"open","sticky":false,"template":"","format":"standard","meta":{"ub_ctt_via":"","_mi_skip_tracking":false},"categories":[16],"tags":[5889,612,9291,814],"featured_image_src":"https:\/\/www.messinaoggi.it\/website\/wp-content\/uploads\/2024\/04\/434628959_18433384789036243_1628852401553432186_n.jpg","author_info":{"display_name":"red.me","author_link":"https:\/\/www.messinaoggi.it\/website\/author\/red-me\/"},"digistream_id":0,"digistream":false,"_links":{"self":[{"href":"https:\/\/www.messinaoggi.it\/website\/wp-json\/wp\/v2\/posts\/194701"}],"collection":[{"href":"https:\/\/www.messinaoggi.it\/website\/wp-json\/wp\/v2\/posts"}],"about":[{"href":"https:\/\/www.messinaoggi.it\/website\/wp-json\/wp\/v2\/types\/post"}],"author":[{"embeddable":true,"href":"https:\/\/www.messinaoggi.it\/website\/wp-json\/wp\/v2\/users\/15"}],"replies":[{"embeddable":true,"href":"https:\/\/www.messinaoggi.it\/website\/wp-json\/wp\/v2\/comments?post=194701"}],"version-history":[{"count":1,"href":"https:\/\/www.messinaoggi.it\/website\/wp-json\/wp\/v2\/posts\/194701\/revisions"}],"predecessor-version":[{"id":194714,"href":"https:\/\/www.messinaoggi.it\/website\/wp-json\/wp\/v2\/posts\/194701\/revisions\/194714"}],"wp:featuredmedia":[{"embeddable":true,"href":"https:\/\/www.messinaoggi.it\/website\/wp-json\/wp\/v2\/media\/194715"}],"wp:attachment":[{"href":"https:\/\/www.messinaoggi.it\/website\/wp-json\/wp\/v2\/media?parent=194701"}],"wp:term":[{"taxonomy":"category","embeddable":true,"href":"https:\/\/www.messinaoggi.it\/website\/wp-json\/wp\/v2\/categories?post=194701"},{"taxonomy":"post_tag","embeddable":true,"href":"https:\/\/www.messinaoggi.it\/website\/wp-json\/wp\/v2\/tags?post=194701"}],"curies":[{"name":"wp","href":"https:\/\/api.w.org\/{rel}","templated":true}]}}