{"id":194668,"date":"2024-04-16T18:22:55","date_gmt":"2024-04-16T16:22:55","guid":{"rendered":"http:\/\/www.messinaoggi.it\/website\/?p=194668"},"modified":"2024-04-16T18:37:47","modified_gmt":"2024-04-16T16:37:47","slug":"calabro-ponte-sullo-stretto-straordinaria-opportunita","status":"publish","type":"post","link":"https:\/\/www.messinaoggi.it\/website\/2024\/04\/16\/calabro-ponte-sullo-stretto-straordinaria-opportunita\/","title":{"rendered":"Calabr\u00f2: &#8220;Ponte sullo Stretto straordinaria opportunit\u00e0&#8221;"},"content":{"rendered":"\n<p>&#8220;Il Ponte sullo Stretto \u00e8 una straordinaria opportunit\u00e0 di crescita non soltanto per Messina ma per tutta la provincia&#8221;. Lo dico da siciliano e lo sottolineo come sindaco che ha a cuore le sorti del suo comune, Barcellona Pozzo di Gotto e dei suoi cittadini che ogni giorno affrontano come tutti i siciliani le difficolt\u00e0 di un\u2019economia fortemente penalizzata dalla pandemia e dalle conseguenze delle guerre&#8221;. Non usa mezzi termini Pinuccio Calabr\u00f2. &#8220;Il nostro territorio rischia di diventare sempre pi\u00f9 marginale ed \u00e8 per questo che il Ponte \u00e8 un catalizzatore di sviluppo che riguarder\u00e0 tutta la provincia anche per quanto riguarda l\u2019occupazione. Proprio per questo chieder\u00f2 un incontro al ministro Salvini ed all\u2019ad della Stretto di Messina Pietro Ciucci affinch\u00e9 anche la provincia di Messina possa avere un ruolo nella fase della formazione. L\u2019hinterland barcellonese in particolare e la zona tirrenica in generale offrono enormi potenzialit\u00e0 occupazionale anche di elevata specializzazione. I numeri che riguardano i posti di lavoro che compoter\u00e0 la costruzione del Ponte e le opere infrastrutturali connesse sono imponenti e i comuni della provincia possono fare la loro parte ad esempio diventando centri collegati con le scuole di formazione che gi\u00e0 si stanno istituendo tra Messina e Reggio Calabria. Il Comune di Barcellona Pozzo di Gotto che mi onoro di amministrare potrebbe mettere a disposizione quanto serve per realizzare una sede decentrata destinata a formare o specializzare quanti lavoreranno nei cantieri del Ponte e nelle tante e vitali opere necessarie. Noi amministratori dobbiamo essere protagonisti di questo momento storico e cogliere le opportunit\u00e0 che davvero rilanceranno l\u2019intera provincia di Messina&#8221;.<div id=\"div-gpt-ad-Messinaoggi.it-DSK-300x250-corpoart\" style=\"text-align:center;margin:0 auto;\"><\/div><\/p>\n<div id=\"videoincontent\" style=\"clear:both\";><\/div>","protected":false},"excerpt":{"rendered":"<p>&#8220;Il Ponte sullo Stretto \u00e8 una straordinaria opportunit\u00e0 di crescita non soltanto per Messina ma per tutta la provincia&#8221;. Lo dico da siciliano e lo sottolineo come sindaco che ha a cuore le sorti del suo comune, Barcellona Pozzo di Gotto e dei suoi cittadini che ogni giorno affrontano come tutti i siciliani le difficolt\u00e0 [&hellip;]<\/p>\n","protected":false},"author":4,"featured_media":154042,"comment_status":"open","ping_status":"open","sticky":false,"template":"","format":"standard","meta":{"ub_ctt_via":"","_mi_skip_tracking":false},"categories":[6],"tags":[2536],"featured_image_src":"https:\/\/www.messinaoggi.it\/website\/wp-content\/uploads\/2023\/05\/unnamed-1.jpg","author_info":{"display_name":"redme","author_link":"https:\/\/www.messinaoggi.it\/website\/author\/redme\/"},"digistream_id":0,"digistream":false,"_links":{"self":[{"href":"https:\/\/www.messinaoggi.it\/website\/wp-json\/wp\/v2\/posts\/194668"}],"collection":[{"href":"https:\/\/www.messinaoggi.it\/website\/wp-json\/wp\/v2\/posts"}],"about":[{"href":"https:\/\/www.messinaoggi.it\/website\/wp-json\/wp\/v2\/types\/post"}],"author":[{"embeddable":true,"href":"https:\/\/www.messinaoggi.it\/website\/wp-json\/wp\/v2\/users\/4"}],"replies":[{"embeddable":true,"href":"https:\/\/www.messinaoggi.it\/website\/wp-json\/wp\/v2\/comments?post=194668"}],"version-history":[{"count":1,"href":"https:\/\/www.messinaoggi.it\/website\/wp-json\/wp\/v2\/posts\/194668\/revisions"}],"predecessor-version":[{"id":194673,"href":"https:\/\/www.messinaoggi.it\/website\/wp-json\/wp\/v2\/posts\/194668\/revisions\/194673"}],"wp:featuredmedia":[{"embeddable":true,"href":"https:\/\/www.messinaoggi.it\/website\/wp-json\/wp\/v2\/media\/154042"}],"wp:attachment":[{"href":"https:\/\/www.messinaoggi.it\/website\/wp-json\/wp\/v2\/media?parent=194668"}],"wp:term":[{"taxonomy":"category","embeddable":true,"href":"https:\/\/www.messinaoggi.it\/website\/wp-json\/wp\/v2\/categories?post=194668"},{"taxonomy":"post_tag","embeddable":true,"href":"https:\/\/www.messinaoggi.it\/website\/wp-json\/wp\/v2\/tags?post=194668"}],"curies":[{"name":"wp","href":"https:\/\/api.w.org\/{rel}","templated":true}]}}