{"id":19432,"date":"2018-05-16T00:00:32","date_gmt":"2018-05-15T22:00:32","guid":{"rendered":"http:\/\/www.messinaoggi.it\/website\/?p=19432"},"modified":"2018-05-16T00:00:32","modified_gmt":"2018-05-15T22:00:32","slug":"verso-il-voto-sciacca-sulle-aree-pedonali-una-citta-moderna-e-civile-non-puo-non-averle","status":"publish","type":"post","link":"https:\/\/www.messinaoggi.it\/website\/2018\/05\/16\/verso-il-voto-sciacca-sulle-aree-pedonali-una-citta-moderna-e-civile-non-puo-non-averle\/","title":{"rendered":"Verso il voto, Sciacca sulle aree pedonali: &quot;Una citt\u00e0 moderna e civile non pu\u00f2 non averle&quot;"},"content":{"rendered":"<p style=\"text-align: justify\"><span style=\"font-size: large\">\u00abUna citt\u00e0 moderna, civile e sostenibile non pu\u00f2 fare a meno di aree pedonali, che sono una risorsa imprescindibile per la crescita del turismo e dell\u2019economia\u00bb. Cos\u00ec il candidato sindaco del M5S, Gaetano Sciacca, commenta una delle tematiche cittadine che nei mesi scorsi ha fatto pi\u00f9 discutere, ribadendo la sua volont\u00e0 di pedonalizzare una o pi\u00f9 aree del centro urbano. A patto per\u00f2 che alla base ci sia uno studio ponderato di fattibilit\u00e0, che comprenda una modifica al Piano Urbano della Mobilit\u00e0 e un dialogo concertato con le parti in causa. \u00a0<\/span><div id=\"div-gpt-ad-Messinaoggi.it-DSK-300x250-corpoart\" style=\"text-align:center;margin:0 auto;\"><\/div><\/p>\n<p style=\"text-align: justify\"><span style=\"font-size: large\">\u00abLe aree pedonali &#8211; commenta Sciacca &#8211; non devono essere delle \u201cisole senza ponti\u201d, ma degli spazi nevralgici interconnessi con la citt\u00e0 che favoriscano la socialit\u00e0, integrati a un servizio pubblico efficiente. C\u2019\u00e8 una differenza sostanziale fra una strada chiusa al traffico con delle transenne, avulsa dal contesto, e un luogo pensato e realizzato a misura di pedone, inserito in maniera organica nel vissuto cittadino, con un adeguato decoro urbano, aree verdi e appositi spazi concepiti per valorizzare le attivit\u00e0 commerciali\u00bb.<\/span><div id=\"videoincontent\" style=\"clear:both\";><\/div><\/p>\n<p style=\"text-align: justify\"><span style=\"font-size: large\">\u00abNon possiamo concepire un\u2019idea di futuro basata su logiche desuete, che non tengono conto di ci\u00f2 che accade in altre realt\u00e0 virtuose del Paese\u00bb, prosegue il candidato pentastellato, che commenta la recente dichiarazione del candidato sindaco del centrosinistra, Antonio Saitta, sull\u2019isola pedonale di via I\u00b0 Settembre: \u00abNon si risolvono i problemi senza indicare soluzioni, e non bisogna spacciare per soluzioni delle idee confuse. La cosa peggiore che si possa prospettare, in quell\u2019area, \u00e8 la chiusura delle strade ad intermittenza. In questo modo non si potr\u00e0 mai progettare un effettivo abbellimento, n\u00e9 sar\u00e0 possibile migliorarne l\u2019arredo urbano. A volte, purtroppo, per raccattare qualche voto, basta andare in giro e promettere \u201cci penso io\u201d\u00bb.<\/span><\/p>\n<p><span style=\"font-size: large\">\u00abLa parte \u201calta\u201d di via primo Settembre &#8211; prosegue Sciacca &#8211; \u00e8 la naturale prosecuzione di Piazza Duomo. L\u2019idea di riconsegnare il salotto buono della citt\u00e0 alle macchine \u00e8 una proposta senza senso che danneggerebbe migliaia di persone solo per tutelare qualche possibile elettore. I commercianti, che sono motore di sviluppo, vanno tutelati in ogni modo, mettendoli nelle condizioni ideali per poter svolgere il loro lavoro. La soluzione, tuttavia, non \u00e8 quella di intasare ancora di pi\u00f9 di macchine il centro storico, ma creare un indotto intorno alle botteghe e ai bar, studiando innanzitutto un piano di viabilit\u00e0 congeniale, per consegnare finalmente alla citt\u00e0 un centro storico moderno, al passo con le realt\u00e0 virtuose del resto d\u2019Italia. E ci\u00f2 non riguarda solo la via I\u00b0 Settembre o la zona di piazza Cairoli, dove va studiato un progetto ad hoc, ma anche l\u2019area di Capo Peloro, che deve diventare uno dei principali volani per un turismo sano e sostenibile\u00bb.<\/span><br \/>\n <\/p>\n","protected":false},"excerpt":{"rendered":"<p>\u00abUna citt\u00e0 moderna, civile e sostenibile non pu\u00f2 fare a meno di aree pedonali, che sono una risorsa imprescindibile per la crescita del turismo e dell\u2019economia\u00bb. Cos\u00ec il candidato sindaco del M5S, Gaetano Sciacca, commenta una delle tematiche cittadine che nei mesi scorsi ha fatto pi\u00f9 discutere, ribadendo la sua volont\u00e0 di pedonalizzare una o [&hellip;]<\/p>\n","protected":false},"author":15,"featured_media":18723,"comment_status":"closed","ping_status":"open","sticky":false,"template":"","format":"standard","meta":{"ub_ctt_via":"","_mi_skip_tracking":false},"categories":[4],"tags":[],"featured_image_src":"https:\/\/www.messinaoggi.it\/website\/wp-content\/uploads\/2018\/04\/Sciacca-Gaetano-al-Lido-La-Pinnazza-primo-piano-messinaoggiMarcyR-1.jpg","author_info":{"display_name":"red.me","author_link":"https:\/\/www.messinaoggi.it\/website\/author\/red-me\/"},"digistream_id":0,"digistream":false,"_links":{"self":[{"href":"https:\/\/www.messinaoggi.it\/website\/wp-json\/wp\/v2\/posts\/19432"}],"collection":[{"href":"https:\/\/www.messinaoggi.it\/website\/wp-json\/wp\/v2\/posts"}],"about":[{"href":"https:\/\/www.messinaoggi.it\/website\/wp-json\/wp\/v2\/types\/post"}],"author":[{"embeddable":true,"href":"https:\/\/www.messinaoggi.it\/website\/wp-json\/wp\/v2\/users\/15"}],"replies":[{"embeddable":true,"href":"https:\/\/www.messinaoggi.it\/website\/wp-json\/wp\/v2\/comments?post=19432"}],"version-history":[{"count":0,"href":"https:\/\/www.messinaoggi.it\/website\/wp-json\/wp\/v2\/posts\/19432\/revisions"}],"wp:featuredmedia":[{"embeddable":true,"href":"https:\/\/www.messinaoggi.it\/website\/wp-json\/wp\/v2\/media\/18723"}],"wp:attachment":[{"href":"https:\/\/www.messinaoggi.it\/website\/wp-json\/wp\/v2\/media?parent=19432"}],"wp:term":[{"taxonomy":"category","embeddable":true,"href":"https:\/\/www.messinaoggi.it\/website\/wp-json\/wp\/v2\/categories?post=19432"},{"taxonomy":"post_tag","embeddable":true,"href":"https:\/\/www.messinaoggi.it\/website\/wp-json\/wp\/v2\/tags?post=19432"}],"curies":[{"name":"wp","href":"https:\/\/api.w.org\/{rel}","templated":true}]}}