{"id":19431,"date":"2018-05-15T23:56:23","date_gmt":"2018-05-15T21:56:23","guid":{"rendered":"http:\/\/www.messinaoggi.it\/website\/?p=19431"},"modified":"2018-05-15T23:56:23","modified_gmt":"2018-05-15T21:56:23","slug":"verso-il-voto-ecco-i-primi-nomi-della-giunta-bramanti","status":"publish","type":"post","link":"https:\/\/www.messinaoggi.it\/website\/2018\/05\/15\/verso-il-voto-ecco-i-primi-nomi-della-giunta-bramanti\/","title":{"rendered":"Verso il voto, ecco i primi nomi della Giunta Bramanti"},"content":{"rendered":"<p style=\"text-align: justify\">Si alzer\u00e0 \u00a0mercoled\u00ec mattina alle 10,30 il sipario sulla prima met\u00e0 della Giunta Bramanti, uomo di punta di quel centrodestra desideroso di ritornare sulla poltrona pi\u00f9 importante di Palazzo Zanca. Com\u2019\u00e8 noto, ogni candidato sindaco, insieme alle liste, dovr\u00e0 presentare anche i nomi di quattro degli otto assessori che comporranno la Giunta, cos\u00ec l\u2019ex direttore sanitario dell\u2019Irccs presenter\u00e0 i <em>\u201csuoi\u201d<\/em> quattro assessori domani, in occasione di una conferenza stampa che si terr\u00e0 nel comitato elettorale di piazza Fulci.<div id=\"div-gpt-ad-Messinaoggi.it-DSK-300x250-corpoart\" style=\"text-align:center;margin:0 auto;\"><\/div><\/p>\n<p style=\"text-align: justify\">Il primo nome che circola \u00e8 quello di Pino Falzea, da qualche mese presidente dell\u2019ordine degli Architetti, subentrato a quel Giovanni Lazzari che, per ironia della sorte, \u00e8 in odore di assessorato nell\u2019eventuale amministrazione Saitta. L\u2019altro nome forte sarebbe quello di Carlo Mazz\u00f9, docente ordinario del Dipartimento di Giurisprudenza.<div id=\"videoincontent\" style=\"clear:both\";><\/div><\/p>\n<p style=\"text-align: justify\">Nella Giunta Bramanti troverebbe spazio anche una donna a cui andrebbe la scottante delega ai servizi sociali. Si tratta di una donna conosciuta nel settore, protagonista di denunce scomode. Ancora qualche ora e ne sapremo di pi\u00f9, anche se i colpi di scena dell\u2019ultima ora non sono affatto esclusi.<\/p>\n","protected":false},"excerpt":{"rendered":"<p>Si alzer\u00e0 \u00a0mercoled\u00ec mattina alle 10,30 il sipario sulla prima met\u00e0 della Giunta Bramanti, uomo di punta di quel centrodestra desideroso di ritornare sulla poltrona pi\u00f9 importante di Palazzo Zanca. Com\u2019\u00e8 noto, ogni candidato sindaco, insieme alle liste, dovr\u00e0 presentare anche i nomi di quattro degli otto assessori che comporranno la Giunta, cos\u00ec l\u2019ex direttore [&hellip;]<\/p>\n","protected":false},"author":14,"featured_media":17686,"comment_status":"closed","ping_status":"open","sticky":false,"template":"","format":"standard","meta":{"ub_ctt_via":"","_mi_skip_tracking":false},"categories":[6],"tags":[],"featured_image_src":"https:\/\/www.messinaoggi.it\/website\/wp-content\/uploads\/2018\/03\/candidatura-bramanti_8209-1.jpg","author_info":{"display_name":"Antonio Macauda","author_link":"https:\/\/www.messinaoggi.it\/website\/author\/a-macauda\/"},"digistream_id":0,"digistream":false,"_links":{"self":[{"href":"https:\/\/www.messinaoggi.it\/website\/wp-json\/wp\/v2\/posts\/19431"}],"collection":[{"href":"https:\/\/www.messinaoggi.it\/website\/wp-json\/wp\/v2\/posts"}],"about":[{"href":"https:\/\/www.messinaoggi.it\/website\/wp-json\/wp\/v2\/types\/post"}],"author":[{"embeddable":true,"href":"https:\/\/www.messinaoggi.it\/website\/wp-json\/wp\/v2\/users\/14"}],"replies":[{"embeddable":true,"href":"https:\/\/www.messinaoggi.it\/website\/wp-json\/wp\/v2\/comments?post=19431"}],"version-history":[{"count":0,"href":"https:\/\/www.messinaoggi.it\/website\/wp-json\/wp\/v2\/posts\/19431\/revisions"}],"wp:featuredmedia":[{"embeddable":true,"href":"https:\/\/www.messinaoggi.it\/website\/wp-json\/wp\/v2\/media\/17686"}],"wp:attachment":[{"href":"https:\/\/www.messinaoggi.it\/website\/wp-json\/wp\/v2\/media?parent=19431"}],"wp:term":[{"taxonomy":"category","embeddable":true,"href":"https:\/\/www.messinaoggi.it\/website\/wp-json\/wp\/v2\/categories?post=19431"},{"taxonomy":"post_tag","embeddable":true,"href":"https:\/\/www.messinaoggi.it\/website\/wp-json\/wp\/v2\/tags?post=19431"}],"curies":[{"name":"wp","href":"https:\/\/api.w.org\/{rel}","templated":true}]}}