{"id":194282,"date":"2024-04-12T18:47:48","date_gmt":"2024-04-12T16:47:48","guid":{"rendered":"http:\/\/www.messinaoggi.it\/website\/?p=194282"},"modified":"2024-04-12T18:47:49","modified_gmt":"2024-04-12T16:47:49","slug":"ferrovie-aumentano-i-collegamenti-in-sicilia","status":"publish","type":"post","link":"https:\/\/www.messinaoggi.it\/website\/2024\/04\/12\/ferrovie-aumentano-i-collegamenti-in-sicilia\/","title":{"rendered":"Ferrovie, aumentano i collegamenti in Sicilia"},"content":{"rendered":"\n<p>Aumentano i collegamenti fra Messina, Catania e Siracusa. Da domenica 14 aprile, il Regionale di Trenitalia (societ\u00e0 capofila del Polo Passeggeri del Gruppo FS), in accordo con la Regione Siciliana, committente del servizio, introdurr\u00e0 nuovi collegamenti regionali per meglio soddisfare le esigenze di mobilit\u00e0 di pendolari e turisti che si muovono fra le tre citt\u00e0. Inoltre, alcuni servizi sulla linea Messina-Catania-Siracusa subiranno modifiche di orario e di percorso.<div id=\"div-gpt-ad-Messinaoggi.it-DSK-300x250-corpoart\" style=\"text-align:center;margin:0 auto;\"><\/div><\/p>\n\n\n\n<p>Nel dettaglio, dal luned\u00ec al venerd\u00ec, sono previsti 2 nuovi collegamenti da Catania Centrale a Giarre-Riposto e 3 invece da Giarre-Riposto a Catania Centrale. Un nuovo treno circoler\u00e0 da Catania Aeroporto Fontanarossa a Giarre-Riposto e 4 ulteriori collegamenti (nei due sensi di marcia) fra Taormina-Giardini e Catania Centrale.<div id=\"videoincontent\" style=\"clear:both\";><\/div><\/p>\n\n\n\n<p>Dal luned\u00ec al sabato sar\u00e0 introdotta una coppia di treni fra Catania Centrale e Siracusa e un nuovo collegamento da Catania Centrale a Catania Aeroporto Fontanarossa. Nei giorni festivi, infine, sono 4 i collegamenti aggiuntivi fra Messina Centrale e Siracusa e 4 quelli fra Catania Centrale e Siracusa.<\/p>\n\n\n\n<p>Previste, inoltre, modifiche di orario e di percorso per alcuni collegamenti del Regionale sempre sulla direttrice Messina-Catania-Siracusa.<\/p>\n","protected":false},"excerpt":{"rendered":"<p>Aumentano i collegamenti fra Messina, Catania e Siracusa. Da domenica 14 aprile, il Regionale di Trenitalia (societ\u00e0 capofila del Polo Passeggeri del Gruppo FS), in accordo con la Regione Siciliana, committente del servizio, introdurr\u00e0 nuovi collegamenti regionali per meglio soddisfare le esigenze di mobilit\u00e0 di pendolari e turisti che si muovono fra le tre citt\u00e0. [&hellip;]<\/p>\n","protected":false},"author":2,"featured_media":151963,"comment_status":"open","ping_status":"open","sticky":false,"template":"","format":"standard","meta":{"ub_ctt_via":"","_mi_skip_tracking":false},"categories":[19],"tags":[9830,4115,989,1710],"featured_image_src":"https:\/\/www.messinaoggi.it\/website\/wp-content\/uploads\/2023\/04\/0-3-2.jpg","author_info":{"display_name":"Redazione","author_link":"https:\/\/www.messinaoggi.it\/website\/author\/redazione\/"},"digistream_id":0,"digistream":false,"_links":{"self":[{"href":"https:\/\/www.messinaoggi.it\/website\/wp-json\/wp\/v2\/posts\/194282"}],"collection":[{"href":"https:\/\/www.messinaoggi.it\/website\/wp-json\/wp\/v2\/posts"}],"about":[{"href":"https:\/\/www.messinaoggi.it\/website\/wp-json\/wp\/v2\/types\/post"}],"author":[{"embeddable":true,"href":"https:\/\/www.messinaoggi.it\/website\/wp-json\/wp\/v2\/users\/2"}],"replies":[{"embeddable":true,"href":"https:\/\/www.messinaoggi.it\/website\/wp-json\/wp\/v2\/comments?post=194282"}],"version-history":[{"count":1,"href":"https:\/\/www.messinaoggi.it\/website\/wp-json\/wp\/v2\/posts\/194282\/revisions"}],"predecessor-version":[{"id":194283,"href":"https:\/\/www.messinaoggi.it\/website\/wp-json\/wp\/v2\/posts\/194282\/revisions\/194283"}],"wp:featuredmedia":[{"embeddable":true,"href":"https:\/\/www.messinaoggi.it\/website\/wp-json\/wp\/v2\/media\/151963"}],"wp:attachment":[{"href":"https:\/\/www.messinaoggi.it\/website\/wp-json\/wp\/v2\/media?parent=194282"}],"wp:term":[{"taxonomy":"category","embeddable":true,"href":"https:\/\/www.messinaoggi.it\/website\/wp-json\/wp\/v2\/categories?post=194282"},{"taxonomy":"post_tag","embeddable":true,"href":"https:\/\/www.messinaoggi.it\/website\/wp-json\/wp\/v2\/tags?post=194282"}],"curies":[{"name":"wp","href":"https:\/\/api.w.org\/{rel}","templated":true}]}}