{"id":194086,"date":"2024-04-11T11:12:52","date_gmt":"2024-04-11T09:12:52","guid":{"rendered":"http:\/\/www.messinaoggi.it\/website\/?p=194086"},"modified":"2024-04-11T11:13:35","modified_gmt":"2024-04-11T09:13:35","slug":"sicurezza-sul-lavoro-sanzionati-due-commercianti","status":"publish","type":"post","link":"https:\/\/www.messinaoggi.it\/website\/2024\/04\/11\/sicurezza-sul-lavoro-sanzionati-due-commercianti\/","title":{"rendered":"Sicurezza sul lavoro, sanzionati due commercianti"},"content":{"rendered":"\n<p>Sanzionati due commercianti durante specifici controlli sul posto di lavoro. Nell&#8217;ambito di specifici servizi finalizzati alla verifica del rispetto delle norme sulla sicurezza sui luoghi di lavoro, i poliziotti delle Volanti, diretti dal comm. capo Mario Venuto, con la collaborazione del personale dell&#8217;Ispettorato del lavoro di Messina, hanno realizzato nei giorni scorsi molteplici controlli presso esercizi commerciali dislocati sulla riviera nord di Messina, comminando sanzioni amministrative pecuniarie complessivamente per circa 15 mila euro nei confronti di due commercianti.<div id=\"div-gpt-ad-Messinaoggi.it-DSK-300x250-corpoart\" style=\"text-align:center;margin:0 auto;\"><\/div><\/p>\n\n\n\n<p>Dai controlli \u00e8 emerso che in due casi non era stato rispettato il divieto di installazione di sistemi di videosorveglianza sui luoghi di lavoro senza l&#8217;acquisizione preventiva di autorizzazione dell&#8217;Ispettorato del lavoro. Inoltre, in uno di essi \u00e8 stata appurata la presenza di un lavoratore del tutto irregolare che, pertanto, non aveva espletato alcuna visita medica preventiva n\u00e9 alcuna attivit\u00e0 di formazione in materia di sicurezza sui luoghi di lavoro. Il datore di lavoro, pertanto, dovr\u00e0 provvedere, entro 24 ore dall&#8217;accertamento, alla regolarizzazione della posizione del dipendente pena la sospensione dell&#8217;attivit\u00e0 commerciale oltre alla possibilit\u00e0 di conseguenze di natura penale.<div id=\"videoincontent\" style=\"clear:both\";><\/div><\/p>\n","protected":false},"excerpt":{"rendered":"<p>Sanzionati due commercianti durante specifici controlli sul posto di lavoro. Nell&#8217;ambito di specifici servizi finalizzati alla verifica del rispetto delle norme sulla sicurezza sui luoghi di lavoro, i poliziotti delle Volanti, diretti dal comm. capo Mario Venuto, con la collaborazione del personale dell&#8217;Ispettorato del lavoro di Messina, hanno realizzato nei giorni scorsi molteplici controlli presso [&hellip;]<\/p>\n","protected":false},"author":8,"featured_media":100337,"comment_status":"open","ping_status":"open","sticky":false,"template":"","format":"standard","meta":{"ub_ctt_via":"","_mi_skip_tracking":false},"categories":[5],"tags":[782,5606,1513],"featured_image_src":"https:\/\/www.messinaoggi.it\/website\/wp-content\/uploads\/2022\/03\/polizia2.jpg","author_info":{"display_name":"red..me","author_link":"https:\/\/www.messinaoggi.it\/website\/author\/redstage\/"},"digistream_id":0,"digistream":false,"_links":{"self":[{"href":"https:\/\/www.messinaoggi.it\/website\/wp-json\/wp\/v2\/posts\/194086"}],"collection":[{"href":"https:\/\/www.messinaoggi.it\/website\/wp-json\/wp\/v2\/posts"}],"about":[{"href":"https:\/\/www.messinaoggi.it\/website\/wp-json\/wp\/v2\/types\/post"}],"author":[{"embeddable":true,"href":"https:\/\/www.messinaoggi.it\/website\/wp-json\/wp\/v2\/users\/8"}],"replies":[{"embeddable":true,"href":"https:\/\/www.messinaoggi.it\/website\/wp-json\/wp\/v2\/comments?post=194086"}],"version-history":[{"count":2,"href":"https:\/\/www.messinaoggi.it\/website\/wp-json\/wp\/v2\/posts\/194086\/revisions"}],"predecessor-version":[{"id":194088,"href":"https:\/\/www.messinaoggi.it\/website\/wp-json\/wp\/v2\/posts\/194086\/revisions\/194088"}],"wp:featuredmedia":[{"embeddable":true,"href":"https:\/\/www.messinaoggi.it\/website\/wp-json\/wp\/v2\/media\/100337"}],"wp:attachment":[{"href":"https:\/\/www.messinaoggi.it\/website\/wp-json\/wp\/v2\/media?parent=194086"}],"wp:term":[{"taxonomy":"category","embeddable":true,"href":"https:\/\/www.messinaoggi.it\/website\/wp-json\/wp\/v2\/categories?post=194086"},{"taxonomy":"post_tag","embeddable":true,"href":"https:\/\/www.messinaoggi.it\/website\/wp-json\/wp\/v2\/tags?post=194086"}],"curies":[{"name":"wp","href":"https:\/\/api.w.org\/{rel}","templated":true}]}}