{"id":19393,"date":"2018-05-15T16:45:26","date_gmt":"2018-05-15T14:45:26","guid":{"rendered":"http:\/\/www.messinaoggi.it\/website\/?p=19393"},"modified":"2018-05-15T16:45:26","modified_gmt":"2018-05-15T14:45:26","slug":"la-mostra-di-alessandro-licciardello-incanta-milano-con-il-suo-amore-per-la-sicilia","status":"publish","type":"post","link":"https:\/\/www.messinaoggi.it\/website\/2018\/05\/15\/la-mostra-di-alessandro-licciardello-incanta-milano-con-il-suo-amore-per-la-sicilia\/","title":{"rendered":"La mostra di Alessandro Licciardello incanta Milano con il suo amore per la Sicilia"},"content":{"rendered":"<p>Grande successo per il vernissage dell\u2019artista catanese Alessandro Licciardello, inaugurato sabato scorso presso la <strong>Galleria Artepassante Stazione Porta Vittoria.<\/strong><br \/>\nLa sua pittura \u00a0spazia dai soggetti umani ai paesaggi. Le sue opere risentono gli echi della sua terra: sulla tela, infatti, Licciardello riporta i colori, le atmosfere, i soggetti e i panorami della sua isola.<br \/>\nNon solo Sicilia. Alessandro Licciardello dedica particolare attenzione anche alle avanguardie, ispirandosi in particolare all\u2019espressionismo tedesco. Non a caso, i quadri in esposizione riporteranno il vissuto dell\u2019artista ma anche il disagio esistenziale, l\u2019angoscia e la critica all\u2019ipocrisia della societ\u00e0 borghese, cos\u00ec come riflessioni sulla solitudine dell\u2019uomo, sull\u2019alienazione dell\u2019individuo, sull\u2019immoralit\u00e0.<br \/>\n<img loading=\"lazy\" class=\"alignnone size-medium wp-image-19395\" src=\"http:\/\/www.messinaoggi.it\/website\/wp-content\/uploads\/2018\/05\/Licciardello-1-215x300.jpg\" alt=\"\" width=\"215\" height=\"300\" \/><br \/>\nProtagonista, oltre alle figure umane, ai paesaggi, alle scene cittadine, \u00e8 l\u2019uso del colore, talvolta esplosivo e ricco di contrasti. \u00c8 proprio il colore, unito al dinamismo del tratto, a determinare la cifra distintiva dell\u2019opera di Alessandro Licciardello. Uno dei quadri presenti alla mostra, \u201cIl ciclista\u201d, rappresenter\u00e0 il movimento, il dinamismo di una figura incessantemente in moto. Libert\u00e0 gestuale e immediatezza cromatica, luce e colore saranno i fili conduttori lungo i quali si svilupper\u00e0 il percorso itinerante.<br \/>\n<img loading=\"lazy\" class=\"alignnone size-medium wp-image-19396\" src=\"http:\/\/www.messinaoggi.it\/website\/wp-content\/uploads\/2018\/05\/Licciardello-2-300x243.jpg\" alt=\"\" width=\"300\" height=\"243\" \/><br \/>\nLa mostra si concluder\u00e0 il 4 giugno. Un\u2019occasione da non perdere per tuffarsi in un racconto fatto di immagini\u00a0 e di amore per la propria terra e le proprie origini.<br \/>\n <div id=\"div-gpt-ad-Messinaoggi.it-DSK-300x250-corpoart\" style=\"text-align:center;margin:0 auto;\"><\/div><\/p>\n<div id=\"videoincontent\" style=\"clear:both\";><\/div>","protected":false},"excerpt":{"rendered":"<p>Grande successo per il vernissage dell\u2019artista catanese Alessandro Licciardello, inaugurato sabato scorso presso la Galleria Artepassante Stazione Porta Vittoria. La sua pittura \u00a0spazia dai soggetti umani ai paesaggi. Le sue opere risentono gli echi della sua terra: sulla tela, infatti, Licciardello riporta i colori, le atmosfere, i soggetti e i panorami della sua isola. Non [&hellip;]<\/p>\n","protected":false},"author":5,"featured_media":19394,"comment_status":"closed","ping_status":"open","sticky":false,"template":"","format":"standard","meta":{"ub_ctt_via":"","_mi_skip_tracking":false},"categories":[16],"tags":[],"featured_image_src":"https:\/\/www.messinaoggi.it\/website\/wp-content\/uploads\/2018\/05\/Copertina-Licciardello-1.jpg","author_info":{"display_name":"Maria Antonella Saia","author_link":"https:\/\/www.messinaoggi.it\/website\/author\/m-saia\/"},"digistream_id":0,"digistream":false,"_links":{"self":[{"href":"https:\/\/www.messinaoggi.it\/website\/wp-json\/wp\/v2\/posts\/19393"}],"collection":[{"href":"https:\/\/www.messinaoggi.it\/website\/wp-json\/wp\/v2\/posts"}],"about":[{"href":"https:\/\/www.messinaoggi.it\/website\/wp-json\/wp\/v2\/types\/post"}],"author":[{"embeddable":true,"href":"https:\/\/www.messinaoggi.it\/website\/wp-json\/wp\/v2\/users\/5"}],"replies":[{"embeddable":true,"href":"https:\/\/www.messinaoggi.it\/website\/wp-json\/wp\/v2\/comments?post=19393"}],"version-history":[{"count":0,"href":"https:\/\/www.messinaoggi.it\/website\/wp-json\/wp\/v2\/posts\/19393\/revisions"}],"wp:featuredmedia":[{"embeddable":true,"href":"https:\/\/www.messinaoggi.it\/website\/wp-json\/wp\/v2\/media\/19394"}],"wp:attachment":[{"href":"https:\/\/www.messinaoggi.it\/website\/wp-json\/wp\/v2\/media?parent=19393"}],"wp:term":[{"taxonomy":"category","embeddable":true,"href":"https:\/\/www.messinaoggi.it\/website\/wp-json\/wp\/v2\/categories?post=19393"},{"taxonomy":"post_tag","embeddable":true,"href":"https:\/\/www.messinaoggi.it\/website\/wp-json\/wp\/v2\/tags?post=19393"}],"curies":[{"name":"wp","href":"https:\/\/api.w.org\/{rel}","templated":true}]}}