{"id":19388,"date":"2018-05-15T15:11:48","date_gmt":"2018-05-15T13:11:48","guid":{"rendered":"http:\/\/www.messinaoggi.it\/website\/?p=19388"},"modified":"2018-05-15T15:11:48","modified_gmt":"2018-05-15T13:11:48","slug":"verso-il-voto-anche-la-lega-al-fianco-di-bramanti","status":"publish","type":"post","link":"https:\/\/www.messinaoggi.it\/website\/2018\/05\/15\/verso-il-voto-anche-la-lega-al-fianco-di-bramanti\/","title":{"rendered":"Verso il voto, anche la Lega al fianco di Bramanti"},"content":{"rendered":"<p style=\"text-align: justify;\">Alla fine la Lega ha deciso. Il partito guidato da Carmelo Lo Monte appogger\u00e0 la candidatura di Dino Bramanti, facendo cos\u00ec parte della coalizione di centrodestra. L&#8217;incontro decisivo si \u00e8 svolto nella tarda mattinata odierna a piazza Duomo, alla presenza del commissario regionale del Carroccio, Stefano Candiani.\u00a0\u201cIl centrodestra anche a Messina sta dando prova di unit\u00e0 e compattezza e il sostegno della Lega alla mia candidatura a sindaco rafforza la coalizione e dimostra che il senso di responsabilit\u00e0 che in queste settimane sta prevalendo a Roma \u00e8 il filo conduttore di un\u2019alleanza solida nel tempo. L\u2019incontro che ho avuto oggi con il senatore Stefano Candiani\u00a0e l\u2019onorevole Carmelo Lo Monte<strong>\u00a0<\/strong>\u00e8 servito a confermare la comune volont\u00e0 di restituire ai messinesi un\u2019amministrazione efficiente, capace e competente attraverso un programma coeso e che guarda al lavoro, allo sviluppo e alle infrastrutture. L\u2019unit\u00e0 ha consentito al centro destra di vincere a novembre le Regionali in Sicilia, quelle in Molise e nel Friuli Venezia Giulia nelle scorse settimane e di essere stata infine la prima coalizione alle Politiche del 4 marzo. La presenza dei candidati della Lega rafforzer\u00e0 sicuramente la coalizione ed \u00e8 con questo forte spirito di squadra che ci apprestiamo ad affrontare le prossime settimane di campagna elettorale sicuri che i messinesi premieranno il nostro progetto politico\u201d. Con queste parole Dino Bramanti\u00a0commenta l\u2019appoggio della Lega alla propria candidatura.<div id=\"div-gpt-ad-Messinaoggi.it-DSK-300x250-corpoart\" style=\"text-align:center;margin:0 auto;\"><\/div><\/p>\n<div id=\"attachment_19390\" style=\"width: 310px\" class=\"wp-caption alignnone\"><img aria-describedby=\"caption-attachment-19390\" loading=\"lazy\" class=\"wp-image-19390 size-medium\" src=\"http:\/\/www.messinaoggi.it\/website\/wp-content\/uploads\/2018\/05\/bramanti2-1-300x169.jpg\" alt=\"\" width=\"300\" height=\"169\" \/><p id=\"caption-attachment-19390\" class=\"wp-caption-text\">Dino Bramanti e Carmelo Lo Monte<\/p><\/div>\n<p style=\"text-align: justify;\">Carmelo Lo Monte\u00a0aggiunge: \u201cAbbiamo valutato attentamente il programma e l&#8217;impostazione della compagine politica che ha portato alla candidatura del professore Dino Bramanti, la Lega ha sciolto la sua riserva. Non rinunceremo ai principi fondati del nostro partito, quali la trasparenza, seriet\u00e0 e legalit\u00e0\u201d.<div id=\"videoincontent\" style=\"clear:both\";><\/div><\/p>\n","protected":false},"excerpt":{"rendered":"<p>Alla fine la Lega ha deciso. Il partito guidato da Carmelo Lo Monte appogger\u00e0 la candidatura di Dino Bramanti, facendo cos\u00ec parte della coalizione di centrodestra. L&#8217;incontro decisivo si \u00e8 svolto nella tarda mattinata odierna a piazza Duomo, alla presenza del commissario regionale del Carroccio, Stefano Candiani.\u00a0\u201cIl centrodestra anche a Messina sta dando prova di [&hellip;]<\/p>\n","protected":false},"author":15,"featured_media":19389,"comment_status":"closed","ping_status":"open","sticky":false,"template":"","format":"standard","meta":{"ub_ctt_via":"","_mi_skip_tracking":false},"categories":[6],"tags":[],"featured_image_src":"https:\/\/www.messinaoggi.it\/website\/wp-content\/uploads\/2018\/05\/bramanti-1-1.jpg","author_info":{"display_name":"red.me","author_link":"https:\/\/www.messinaoggi.it\/website\/author\/red-me\/"},"digistream_id":0,"digistream":false,"_links":{"self":[{"href":"https:\/\/www.messinaoggi.it\/website\/wp-json\/wp\/v2\/posts\/19388"}],"collection":[{"href":"https:\/\/www.messinaoggi.it\/website\/wp-json\/wp\/v2\/posts"}],"about":[{"href":"https:\/\/www.messinaoggi.it\/website\/wp-json\/wp\/v2\/types\/post"}],"author":[{"embeddable":true,"href":"https:\/\/www.messinaoggi.it\/website\/wp-json\/wp\/v2\/users\/15"}],"replies":[{"embeddable":true,"href":"https:\/\/www.messinaoggi.it\/website\/wp-json\/wp\/v2\/comments?post=19388"}],"version-history":[{"count":0,"href":"https:\/\/www.messinaoggi.it\/website\/wp-json\/wp\/v2\/posts\/19388\/revisions"}],"wp:featuredmedia":[{"embeddable":true,"href":"https:\/\/www.messinaoggi.it\/website\/wp-json\/wp\/v2\/media\/19389"}],"wp:attachment":[{"href":"https:\/\/www.messinaoggi.it\/website\/wp-json\/wp\/v2\/media?parent=19388"}],"wp:term":[{"taxonomy":"category","embeddable":true,"href":"https:\/\/www.messinaoggi.it\/website\/wp-json\/wp\/v2\/categories?post=19388"},{"taxonomy":"post_tag","embeddable":true,"href":"https:\/\/www.messinaoggi.it\/website\/wp-json\/wp\/v2\/tags?post=19388"}],"curies":[{"name":"wp","href":"https:\/\/api.w.org\/{rel}","templated":true}]}}