{"id":19363,"date":"2018-05-15T08:27:38","date_gmt":"2018-05-15T06:27:38","guid":{"rendered":"http:\/\/www.messinaoggi.it\/website\/?p=19363"},"modified":"2018-05-15T08:27:38","modified_gmt":"2018-05-15T06:27:38","slug":"verso-il-voto-ecco-tutti-i-candidati-del-centrodestra-alle-presidenze-delle-circoscrizioni","status":"publish","type":"post","link":"https:\/\/www.messinaoggi.it\/website\/2018\/05\/15\/verso-il-voto-ecco-tutti-i-candidati-del-centrodestra-alle-presidenze-delle-circoscrizioni\/","title":{"rendered":"Verso il voto, ecco tutti i candidati del centrodestra alle presidenze delle Circoscrizioni"},"content":{"rendered":"<p style=\"text-align: justify\">Definite le candidature alle presidenze delle sei circoscrizioni di Messina.<div id=\"div-gpt-ad-Messinaoggi.it-DSK-300x250-corpoart\" style=\"text-align:center;margin:0 auto;\"><\/div><\/p>\n<p style=\"text-align: justify\">\u201cLa coalizione di centrodestra \u2013 si legge in un comunicato &#8211; \u00a0ha utilizzato come unico criterio nell\u2019individuazione delle candidature la rappresentativit\u00e0 territoriale. Le liste definite sono infatti piena espressione di radicamento nel territorio da parte dei candidati che sapranno in tal modo rappresentare le istanze dei cittadini delle sei municipalit\u00e0.<div id=\"videoincontent\" style=\"clear:both\";><\/div><\/p>\n<p style=\"text-align: justify\">\u201cA nome di tutta la coalizione ringrazio quanti hanno deciso di spendersi per le circoscrizioni e soprattutto quanti, nel rispetto dello spirito di squadra che contraddistingue il centro-destra, hanno fatto un passo indietro per consentire la definizione di liste con la massima condivisione- dichiara il candidato sindaco Dino Bramanti- E\u2019 stato un percorso articolato ma la nostra \u00e8 una coalizione ampia e si \u00e8 resa necessaria la condivisione da parte delle diverse anime che la compongono. Proprio questo spirito di unit\u00e0 e compattezza \u00e8 la forza che consentir\u00e0 alla nostra coalizione di risultare vincente. Un ringraziamento particolare va ai candidati alle Presidenze delle circoscrizioni, che avranno il compito di guidare l\u2019impegno di tutte le espressioni della coalizione, con la consapevolezza che la campagna elettorale in corso la si vince insieme, senza distinzioni tra Consiglio Comunale e Circoscrizioni, ma con la forza di un progetto vincente per il futuro di Messina\u201d<\/p>\n<p style=\"text-align: justify\"><strong>GULLETTA (I CIRCOSCRIZIONE)<\/strong><\/p>\n<p style=\"text-align: justify\">Giuseppe Gulletta, nel 1999 viene eletto consigliere dell\u2019allora 4\u00b0 quartiere di cui assume la presidenza nel 2003 restando in carica sino al 2005. Oggi ritorna in campo candidandosi alla guida di una tra le circoscrizioni geograficamente pi\u00f9 ampie del comune di Messina, il 1\u00b0 che presenta le maggiori problematiche dovute alla distanza dal centro citt\u00e0: \u201cgli abitanti del primo quartiere non devono sentirsi cittadini di periferia. \u00c8 giunta l\u2019ora che i territori pi\u00f9 distanti abbiano la stessa considerazione del resto della citt\u00e0. Ci batteremo per intraprendere un percorso che porti al riaffiorare delle potenzialit\u00e0 del territorio attraverso un cammino trasversale di gruppo che prescinda dalle logiche politiche. Il 10 giugno non deve segnare la fine della campagna elettorale ma l\u2019inizio del lavoro sul territorio e per il territorio\u201d.<\/p>\n<p style=\"text-align: justify\"><strong>SIRACUSANO (II CIRCOSCRIZIONE) <\/strong><\/p>\n<p style=\"text-align: justify\">Davide Siracusano, 43 anni, sposato, padre di un bambino di 5 anni. Consigliere Circoscrizionale dal 2003.<\/p>\n<p style=\"text-align: justify\">\u201cL\u2019esperienza maturata in oltre 15 anni di attivit\u00e0 politica sul territorio rappresenta un valore aggiunto che ritengo doveroso mettere a disposizione della seconda Circoscrizione e dei suoi abitanti. Mi onora la scelta della coalizione di centro-destra, che ha deciso unanimemente di puntare sul sottoscritto per affrontare questa difficile ma appassionante tornata elettorale. A questo appuntamento mi presento con la passione che ha sempre contraddistinto il mio impegno. Messina, adesso, deve cambiare marcia, e pu\u00f2 farlo solo a partire dal recupero e dal coinvolgimento costante dei quartieri periferici, che rappresentano una risorsa fondamentale\u201d.<\/p>\n<p style=\"text-align: justify\"><strong>CUC\u00c8 (III CIRCOSCRIZIONE)<\/strong><\/p>\n<p style=\"text-align: justify\">Natale Cuc\u00e8 , 49 anni, sposato con Isabella e pap\u00e0 di due gemelli di 7 anni. Imprenditore nel settore bar\/ristorazione. Candidato per la prima volta nel 1998, ottiene l\u2019elezione nel Consiglio dell\u2019allora V Quartiere, in cui \u00e8 stato eletto presidente nella tornata successiva, quella del 2003. Nel 2013 \u00e8 eletto presidente della III Circoscrizione, ottenendo 3600 preferenze: \u201cLa missione che ha scandito questi anni in cui ho goduto della fiducia degli elettori \u00e8 stata incentrata fondamentalmente su un obiettivo: avvicinare i cittadini alle istituzioni. Le Circoscrizioni sono organismi che rivestono un\u2019importanza strategica, soprattutto oggi che Messina pu\u00f2 godere dello status di Citt\u00e0 Metropolitana\u201d.<\/p>\n<p style=\"text-align: justify\"><strong>\u00a0DE LUCA (IV CIRCOSCRIZIONE)<\/strong><\/p>\n<p style=\"text-align: justify\">Alberto De Luca inizia il suo impegno gi\u00e0 al Liceo La Farina dove \u00e8 stato rappresentante degli studenti dal 1997 al 2000. Si laurea in Scienze Politiche con il massimo dei voti e la lode e successivamente diventa cultore di Storia Contemporanea\u00a0 e Storia dei partiti e dei movimenti politici.\u00a0 E\u2019 dottore di ricerca in Stori dell\u2019Europa Mediterranea. Ha fondato l\u2019associazione Morgana che conta tra le sue fila la prima eletta al Senato Accademico, Lavinia Parisi e la presidente della Consulta provinciale degli studenti, Elettra Andronaco. L\u2019associazione \u00e8 impegnata in iniziative di beneficenza e di promozione sociale e territoriale. E\u2019 tra i fondatori di Diventer\u00e0 Bellissima e membro del direttivo regionale. &#8220;La scelta di candidarmi alla presidenza della circoscrizione dove sono nato e cresciuto \u00e8 stata inaspettata. Infatti, dopo settimane di confronto all&#8217;interno della coalizione, \u00e8 maturata l&#8217;unanime richiesta della mia candidatura da parte di tutte le forze della coalizione. Tanta fiducia mi ha imposto di accettare una sfida che vivo con entusiasmo e grande senso di responsabilit\u00e0 nei confronti degli abitanti della IV circoscrizione e della comunit\u00e0 umana e politica che ho l&#8217;onore di rappresentare.&#8221;<\/p>\n<p><strong>CUTE\u2019 (V CIRCOSCRIZIONE)<\/strong><br \/>\nIvan Cut\u00e8- 32 anni, sin da bambino ha partecipato attivamente alle attivit\u00e0 dell\u2019oratorio di San Matteo, acquisendo quello spirito salesiano che ne contraddistingue l\u2019impegno nella comunit\u00e0 ed in politica. Rappresentante degli studenti all\u2019Archimede, negli anni successivi \u00e8 stato eletto dapprima Consigliere d\u2019amministrazione d&#8217;Ateneo e successivamente Consigliere d&#8217;Amministrazione ERSU. Da rappresentante degli studenti ha collaborato alla stesura di importanti riforme d&#8217;Ateneo ancora oggi in vigore. Nel 2013 ha fondato l&#8217;associazione Gea Universitas, che vanta decine di consiglieri di dipartimento in tutto l&#8217;Ateneo ed un Senatore Accademico. Laureato in Economia, ha svolto Ricerche tematiche, per la Commissione ambiente sanit\u00e0 pubblica e sicurezza alimentare, istituita presso il Parlamento Europeo. Tra le principali vi sono quelle concernenti la Coltivazione di Organismi Geneticamente modificati, quella sul Novel Food e sul Cambiamento climatico.<br \/>\n\u201cSono nato e cresciuto nel quartiere ne conosco ogni problematica e criticit\u00e0 ed il mio impegno continuer\u00e0 adesso per la Presidenza della circoscrizione con l\u2019obiettivo di rendere il territorio vivibile e soprattutto fare della nostra terra una citt\u00e0 nella quale restare. La V Circoscrizione ricopre una parte di territorio cittadino di vitale importanza e sono consapevole che le scelte che dovremo prendere saranno determinanti per lo sviluppo ed il rilancio di tutta Messina\u201d<br \/>\n<strong>MANGRAVITI (VI CIRCOSCRIZIONE)<\/strong><br \/>\nMaurizio Mangraviti, eletto consigliere di quartiere per la prima volta nel 2003, all\u2019et\u00e0 di 28 anni, ha ottenuto la riconferma nelle legislature successive. Nel corso delle amministrative del 2013, grazie alle 1200 preferenze intercettate, \u00e8 risultato il consigliere di circoscrizione pi\u00f9 votato in assoluto: \u201cLa fiducia costante manifestatami dagli elettori in questi anni, unitamente ai risultati ottenuti sul campo, sono gli input che fanno da sfondo alla scelta di spendermi in un ruolo di grande responsabilit\u00e0 per la VI circoscrizione. Abbiamo una nuova, grande opportunit\u00e0 all\u2019orizzonte, che dovremo essere in grado di cogliere per rappresentare al meglio un progetto finalizzato allo sviluppo tangibile di Messina nord\u201d.<br \/>\n <br \/>\n <\/p>\n","protected":false},"excerpt":{"rendered":"<p>Definite le candidature alle presidenze delle sei circoscrizioni di Messina. \u201cLa coalizione di centrodestra \u2013 si legge in un comunicato &#8211; \u00a0ha utilizzato come unico criterio nell\u2019individuazione delle candidature la rappresentativit\u00e0 territoriale. Le liste definite sono infatti piena espressione di radicamento nel territorio da parte dei candidati che sapranno in tal modo rappresentare le istanze [&hellip;]<\/p>\n","protected":false},"author":15,"featured_media":10354,"comment_status":"closed","ping_status":"open","sticky":false,"template":"","format":"standard","meta":{"ub_ctt_via":"","_mi_skip_tracking":false},"categories":[6],"tags":[],"featured_image_src":"https:\/\/www.messinaoggi.it\/website\/wp-content\/uploads\/2017\/10\/palazzo-zanca-messinaRRP_1712.jpg","author_info":{"display_name":"red.me","author_link":"https:\/\/www.messinaoggi.it\/website\/author\/red-me\/"},"digistream_id":0,"digistream":false,"_links":{"self":[{"href":"https:\/\/www.messinaoggi.it\/website\/wp-json\/wp\/v2\/posts\/19363"}],"collection":[{"href":"https:\/\/www.messinaoggi.it\/website\/wp-json\/wp\/v2\/posts"}],"about":[{"href":"https:\/\/www.messinaoggi.it\/website\/wp-json\/wp\/v2\/types\/post"}],"author":[{"embeddable":true,"href":"https:\/\/www.messinaoggi.it\/website\/wp-json\/wp\/v2\/users\/15"}],"replies":[{"embeddable":true,"href":"https:\/\/www.messinaoggi.it\/website\/wp-json\/wp\/v2\/comments?post=19363"}],"version-history":[{"count":0,"href":"https:\/\/www.messinaoggi.it\/website\/wp-json\/wp\/v2\/posts\/19363\/revisions"}],"wp:featuredmedia":[{"embeddable":true,"href":"https:\/\/www.messinaoggi.it\/website\/wp-json\/wp\/v2\/media\/10354"}],"wp:attachment":[{"href":"https:\/\/www.messinaoggi.it\/website\/wp-json\/wp\/v2\/media?parent=19363"}],"wp:term":[{"taxonomy":"category","embeddable":true,"href":"https:\/\/www.messinaoggi.it\/website\/wp-json\/wp\/v2\/categories?post=19363"},{"taxonomy":"post_tag","embeddable":true,"href":"https:\/\/www.messinaoggi.it\/website\/wp-json\/wp\/v2\/tags?post=19363"}],"curies":[{"name":"wp","href":"https:\/\/api.w.org\/{rel}","templated":true}]}}