{"id":193624,"date":"2024-04-07T13:07:59","date_gmt":"2024-04-07T11:07:59","guid":{"rendered":"https:\/\/www.messinaoggi.it\/website\/2024\/04\/07\/conte-con-schlein-se-si-libera-di-capibastone-e-cacicchi\/"},"modified":"2024-04-07T13:07:59","modified_gmt":"2024-04-07T11:07:59","slug":"conte-con-schlein-se-si-libera-di-capibastone-e-cacicchi","status":"publish","type":"post","link":"https:\/\/www.messinaoggi.it\/website\/2024\/04\/07\/conte-con-schlein-se-si-libera-di-capibastone-e-cacicchi\/","title":{"rendered":"Conte \u201cCon Schlein se si libera di capibastone e cacicchi\u201d"},"content":{"rendered":"<div>MILANO (ITALPRESS) &#8211; &#8220;Se lei vuole mantener fede all&#8217;impegno preso a marzo 2023, quando fu acclarata segretario del partito democratico, al grido di &#8216;liberer\u00f2 il partito democratico &#8211; parole sue &#8211; da capibastone e cacicch\u00ec &#8211; trover\u00e0 in me il pi\u00f9 grande partner favorevole a questa operazione&#8221;. Lo ha detto il leader del Movimento 5 Stelle Giuseppe Conte al programma &#8220;Accordi e disaccordi&#8221; sul Nove riferendosi a Elly Schlein.(ITALPRESS).<div id=\"div-gpt-ad-Messinaoggi.it-DSK-300x250-corpoart\" style=\"text-align:center;margin:0 auto;\"><\/div><\/p>\n<p>Foto: Agenzia Fotogrmma<div id=\"videoincontent\" style=\"clear:both\";><\/div><\/p><\/div>\n","protected":false},"excerpt":{"rendered":"<p>MILANO (ITALPRESS) &#8211; &#8220;Se lei vuole mantener fede all&#8217;impegno preso a marzo 2023, quando fu acclarata segretario del partito democratico, al grido di &#8216;liberer\u00f2 il partito democratico &#8211; parole sue &#8211; da capibastone e cacicch\u00ec &#8211; trover\u00e0 in me il pi\u00f9 grande partner favorevole a questa operazione&#8221;. Lo ha detto il leader del Movimento 5 [&hellip;]<\/p>\n","protected":false},"author":18,"featured_media":193625,"comment_status":"closed","ping_status":"closed","sticky":false,"template":"","format":"standard","meta":{"ub_ctt_via":"","_mi_skip_tracking":false},"categories":[446],"tags":[783],"featured_image_src":"https:\/\/www.messinaoggi.it\/website\/wp-content\/uploads\/2024\/04\/20240407_0111.jpg","author_info":{"display_name":"Admin","author_link":"https:\/\/www.messinaoggi.it\/website\/author\/admin\/"},"digistream_id":0,"digistream":false,"_links":{"self":[{"href":"https:\/\/www.messinaoggi.it\/website\/wp-json\/wp\/v2\/posts\/193624"}],"collection":[{"href":"https:\/\/www.messinaoggi.it\/website\/wp-json\/wp\/v2\/posts"}],"about":[{"href":"https:\/\/www.messinaoggi.it\/website\/wp-json\/wp\/v2\/types\/post"}],"author":[{"embeddable":true,"href":"https:\/\/www.messinaoggi.it\/website\/wp-json\/wp\/v2\/users\/18"}],"replies":[{"embeddable":true,"href":"https:\/\/www.messinaoggi.it\/website\/wp-json\/wp\/v2\/comments?post=193624"}],"version-history":[{"count":0,"href":"https:\/\/www.messinaoggi.it\/website\/wp-json\/wp\/v2\/posts\/193624\/revisions"}],"wp:featuredmedia":[{"embeddable":true,"href":"https:\/\/www.messinaoggi.it\/website\/wp-json\/wp\/v2\/media\/193625"}],"wp:attachment":[{"href":"https:\/\/www.messinaoggi.it\/website\/wp-json\/wp\/v2\/media?parent=193624"}],"wp:term":[{"taxonomy":"category","embeddable":true,"href":"https:\/\/www.messinaoggi.it\/website\/wp-json\/wp\/v2\/categories?post=193624"},{"taxonomy":"post_tag","embeddable":true,"href":"https:\/\/www.messinaoggi.it\/website\/wp-json\/wp\/v2\/tags?post=193624"}],"curies":[{"name":"wp","href":"https:\/\/api.w.org\/{rel}","templated":true}]}}