{"id":193586,"date":"2024-04-06T18:08:00","date_gmt":"2024-04-06T16:08:00","guid":{"rendered":"https:\/\/www.messinaoggi.it\/website\/2024\/04\/06\/allegri-fiorentina-forte-noi-dobbiamo-centrare-champions\/"},"modified":"2024-04-06T18:08:00","modified_gmt":"2024-04-06T16:08:00","slug":"allegri-fiorentina-forte-noi-dobbiamo-centrare-champions","status":"publish","type":"post","link":"https:\/\/www.messinaoggi.it\/website\/2024\/04\/06\/allegri-fiorentina-forte-noi-dobbiamo-centrare-champions\/","title":{"rendered":"Allegri \u201cFiorentina forte, noi dobbiamo centrare Champions\u201d"},"content":{"rendered":"<div>TORINO (ITALPRESS) &#8211; &#8220;Loro vengono da una bella partita contro l&#8217;Atalanta, sono una squadra che crea occasioni e gioca bene. Noi, per\u00f2, abbiamo bisogno di fare risultato&#8221;. Cos\u00ec Massimiliano Allegri, tecnico della Juventus, in conferenza stampa in vista della sfida contro la Fiorentina, in programma domani sera all&#8217;Allianz Stadium. &#8220;Le vittorie &#8211; ha spiegato l&#8217;allenatore bianconero riferendosi al successo sulla Lazio in Coppa Italia &#8211; aiutano e danno fiducia. Adesso mancano otto partite e dobbiamo centrare l&#8217;obiettivo Champions. Il risultato positivo ti fa vedere le cose in un modo, quello negativo in un altro. I numeri sono quelli che contano, il campionato ti dice qual \u00e8 il reale valore delle squadre. In questo momento siamo a 20 punti dall&#8217;Inter, ma dobbiamo pensare solo a quelli che ci mancano per entrare in Champions&#8221;. La Juventus, attualmente terza, \u00e8 reduce da soli due punti in quattro gare: &#8220;Nel calcio contano i numeri, il resto sono chiacchiere. E&#8217; il campo a dare i valori delle squadre&#8221;. Poi su Vlahovic: &#8220;Sia lui che Chiesa hanno bisogno di metter dentro partite con la Juve e partite internazionali. Dusan aveva cominciato bene, poi aveva avuto un momento di appannamento. In questo momento loro due e Kean ci danno delle soluzioni importanti in avanti&#8221;. Allegri ha escluso la possibilit\u00e0 ricoprire in questo momento altri ruoli perch\u00e8 &#8220;mi diverte fare quello che faccio, continuer\u00f2 a fare il tecnico. Rinnovo? Lavoro bene lo stesso, l&#8217;unico mio pensiero \u00e8 raggiungere gli obiettivi e finire la stagione nel migliore dei modi. Le difficolt\u00e0 ci saranno, abbiamo scontri diretti e i punti pesano molto, ma in un modo o nell&#8217;altro dobbiamo arrivare tra le prime quattro&#8221;. Infine, ancora sui viola di Italiano e sulla formazione che mander\u00e0 in campo: &#8220;Di loro temo la spregiudicatezza, sono sempre gare difficili. Domani l&#8217;unico assente sar\u00e0 Milik, speriamo di riaverlo nel giro di 20 giorni. Decider\u00f2 domani l&#8217;undici che scender\u00e0 in campo, stiamo bene fisicamente e la vittoria con la Lazio ci ha dato fiducia&#8230;&#8221;.<br \/>&#8211; Foto: Ipa Agency &#8211;<br \/>(ITALPRESS).<\/div>\n<div id=\"div-gpt-ad-Messinaoggi.it-DSK-300x250-corpoart\" style=\"text-align:center;margin:0 auto;\"><\/div><\/p><div id=\"videoincontent\" style=\"clear:both\";><\/div>","protected":false},"excerpt":{"rendered":"<p>TORINO (ITALPRESS) &#8211; &#8220;Loro vengono da una bella partita contro l&#8217;Atalanta, sono una squadra che crea occasioni e gioca bene. Noi, per\u00f2, abbiamo bisogno di fare risultato&#8221;. Cos\u00ec Massimiliano Allegri, tecnico della Juventus, in conferenza stampa in vista della sfida contro la Fiorentina, in programma domani sera all&#8217;Allianz Stadium. &#8220;Le vittorie &#8211; ha spiegato l&#8217;allenatore [&hellip;]<\/p>\n","protected":false},"author":18,"featured_media":193587,"comment_status":"closed","ping_status":"closed","sticky":false,"template":"","format":"standard","meta":{"ub_ctt_via":"","_mi_skip_tracking":false},"categories":[446],"tags":[783],"featured_image_src":"https:\/\/www.messinaoggi.it\/website\/wp-content\/uploads\/2024\/04\/20240406_0996.jpg","author_info":{"display_name":"Admin","author_link":"https:\/\/www.messinaoggi.it\/website\/author\/admin\/"},"digistream_id":0,"digistream":false,"_links":{"self":[{"href":"https:\/\/www.messinaoggi.it\/website\/wp-json\/wp\/v2\/posts\/193586"}],"collection":[{"href":"https:\/\/www.messinaoggi.it\/website\/wp-json\/wp\/v2\/posts"}],"about":[{"href":"https:\/\/www.messinaoggi.it\/website\/wp-json\/wp\/v2\/types\/post"}],"author":[{"embeddable":true,"href":"https:\/\/www.messinaoggi.it\/website\/wp-json\/wp\/v2\/users\/18"}],"replies":[{"embeddable":true,"href":"https:\/\/www.messinaoggi.it\/website\/wp-json\/wp\/v2\/comments?post=193586"}],"version-history":[{"count":0,"href":"https:\/\/www.messinaoggi.it\/website\/wp-json\/wp\/v2\/posts\/193586\/revisions"}],"wp:featuredmedia":[{"embeddable":true,"href":"https:\/\/www.messinaoggi.it\/website\/wp-json\/wp\/v2\/media\/193587"}],"wp:attachment":[{"href":"https:\/\/www.messinaoggi.it\/website\/wp-json\/wp\/v2\/media?parent=193586"}],"wp:term":[{"taxonomy":"category","embeddable":true,"href":"https:\/\/www.messinaoggi.it\/website\/wp-json\/wp\/v2\/categories?post=193586"},{"taxonomy":"post_tag","embeddable":true,"href":"https:\/\/www.messinaoggi.it\/website\/wp-json\/wp\/v2\/tags?post=193586"}],"curies":[{"name":"wp","href":"https:\/\/api.w.org\/{rel}","templated":true}]}}