{"id":193547,"date":"2024-04-06T11:08:12","date_gmt":"2024-04-06T09:08:12","guid":{"rendered":"https:\/\/www.messinaoggi.it\/website\/2024\/04\/06\/meloni-laquila-modello-per-risposta-che-lo-stato-ha-dato-dopo-sisma\/"},"modified":"2024-04-06T11:08:12","modified_gmt":"2024-04-06T09:08:12","slug":"meloni-laquila-modello-per-risposta-che-lo-stato-ha-dato-dopo-sisma","status":"publish","type":"post","link":"https:\/\/www.messinaoggi.it\/website\/2024\/04\/06\/meloni-laquila-modello-per-risposta-che-lo-stato-ha-dato-dopo-sisma\/","title":{"rendered":"Meloni \u201cL\u2019aquila modello per risposta che lo Stato ha dato dopo sisma\u201d"},"content":{"rendered":"<div>ROMA (ITALPRESS) &#8211; &#8220;Oggi l&#8217;Italia rende omaggio alle 309 vittime del terremoto del 6 aprile 2009 e si stringe alla comunit\u00e0 aquilana e abruzzese, a chi quella notte ha perduto gli affetti pi\u00f9 cari e a tutti coloro che, con tenacia e determinazione, hanno contribuito alla rinascita della citt\u00e0&#8221;. Cos\u00ec il Presidente del Consiglio dei Ministri, Giorgia Meloni, per i 15 anni dal terremoto dell&#8217;Aquila. &#8220;L&#8217;Aquila \u00e8 un modello, per la risposta che lo Stato ha dato fin dalla gestione dell&#8217;emergenza, passando per la ricostruzione fino alla rigenerazione degli ultimi anni, di cui si stanno vedendo i primi effetti. Rivolgo un pensiero ai tanti che, a vario titolo e nelle diverse fasi, hanno fornito il loro contributo: gli italiani che mostrarono grande solidariet\u00e0 e vicinanza; i volontari che si mobilitarono nei giorni e nei mesi successivi; le donne e gli uomini, delle Istituzioni e non, che con abnegazione e impegno hanno contribuito a portare avanti una ricostruzione che \u00e8 diventata un esempio&#8221;.<br \/>&#8220;Il Governo \u00e8 impegnato per dare sempre maggiori certezze all&#8217;Aquila e ai Comuni che sono stati colpiti dal terremoto del 2009. Con la nostra prima legge di bilancio abbiamo stanziato, con visione pluriennale e come non era mai accaduto, le risorse necessarie per gli Enti locali. Abbiamo, inoltre, semplificato la normativa per la ricostruzione pubblica e sbloccato i fondi per completare la ricostruzione delle scuole e reperito quelli per concludere il Teatro Comunale dell&#8217;Aquila.<br \/>Un impegno, il nostro, che continueremo a portare avanti con grande attenzione per la citt\u00e0 e le aree interne, territorio forte e orgoglioso che ha mostrato grande dignit\u00e0 nei momenti pi\u00f9 difficili. Un abbraccio alle comunit\u00e0 che, ieri sera, si sono ritrovate nel lutto collettivo della fiaccolata e hanno rinnovato il rito della memoria. La rinascita dell&#8217;Aquila \u00e8 la rinascita di un pezzo di noi stessi. Quindici anni fa siamo stati feriti ma abbiamo saputo rialzarci e tornare pi\u00f9 forti&#8221; conclude. <div id=\"div-gpt-ad-Messinaoggi.it-DSK-300x250-corpoart\" style=\"text-align:center;margin:0 auto;\"><\/div><\/p>\n<p>&#8211; Foto: Agenzia Fotogramma &#8211; <br \/>(ITALPRESS).<\/div>\n<div id=\"videoincontent\" style=\"clear:both\";><\/div>","protected":false},"excerpt":{"rendered":"<p>ROMA (ITALPRESS) &#8211; &#8220;Oggi l&#8217;Italia rende omaggio alle 309 vittime del terremoto del 6 aprile 2009 e si stringe alla comunit\u00e0 aquilana e abruzzese, a chi quella notte ha perduto gli affetti pi\u00f9 cari e a tutti coloro che, con tenacia e determinazione, hanno contribuito alla rinascita della citt\u00e0&#8221;. Cos\u00ec il Presidente del Consiglio dei [&hellip;]<\/p>\n","protected":false},"author":18,"featured_media":193548,"comment_status":"closed","ping_status":"closed","sticky":false,"template":"","format":"standard","meta":{"ub_ctt_via":"","_mi_skip_tracking":false},"categories":[446],"tags":[783],"featured_image_src":"https:\/\/www.messinaoggi.it\/website\/wp-content\/uploads\/2024\/04\/20240406_0221.jpg","author_info":{"display_name":"Admin","author_link":"https:\/\/www.messinaoggi.it\/website\/author\/admin\/"},"digistream_id":0,"digistream":false,"_links":{"self":[{"href":"https:\/\/www.messinaoggi.it\/website\/wp-json\/wp\/v2\/posts\/193547"}],"collection":[{"href":"https:\/\/www.messinaoggi.it\/website\/wp-json\/wp\/v2\/posts"}],"about":[{"href":"https:\/\/www.messinaoggi.it\/website\/wp-json\/wp\/v2\/types\/post"}],"author":[{"embeddable":true,"href":"https:\/\/www.messinaoggi.it\/website\/wp-json\/wp\/v2\/users\/18"}],"replies":[{"embeddable":true,"href":"https:\/\/www.messinaoggi.it\/website\/wp-json\/wp\/v2\/comments?post=193547"}],"version-history":[{"count":0,"href":"https:\/\/www.messinaoggi.it\/website\/wp-json\/wp\/v2\/posts\/193547\/revisions"}],"wp:featuredmedia":[{"embeddable":true,"href":"https:\/\/www.messinaoggi.it\/website\/wp-json\/wp\/v2\/media\/193548"}],"wp:attachment":[{"href":"https:\/\/www.messinaoggi.it\/website\/wp-json\/wp\/v2\/media?parent=193547"}],"wp:term":[{"taxonomy":"category","embeddable":true,"href":"https:\/\/www.messinaoggi.it\/website\/wp-json\/wp\/v2\/categories?post=193547"},{"taxonomy":"post_tag","embeddable":true,"href":"https:\/\/www.messinaoggi.it\/website\/wp-json\/wp\/v2\/tags?post=193547"}],"curies":[{"name":"wp","href":"https:\/\/api.w.org\/{rel}","templated":true}]}}