{"id":193543,"date":"2024-04-06T11:08:10","date_gmt":"2024-04-06T09:08:10","guid":{"rendered":"https:\/\/www.messinaoggi.it\/website\/2024\/04\/06\/sisma-laquila-mattarella-piena-ricostruzione-dovere-da-proseguire\/"},"modified":"2024-04-06T11:08:10","modified_gmt":"2024-04-06T09:08:10","slug":"sisma-laquila-mattarella-piena-ricostruzione-dovere-da-proseguire","status":"publish","type":"post","link":"https:\/\/www.messinaoggi.it\/website\/2024\/04\/06\/sisma-laquila-mattarella-piena-ricostruzione-dovere-da-proseguire\/","title":{"rendered":"Sisma L\u2019aquila, Mattarella \u201cPiena ricostruzione dovere da proseguire\u201d"},"content":{"rendered":"<div>ROMA (ITALPRESS) &#8211; &#8220;Il terremoto di quindici anni or sono, nella notte tra il 5 il 6 aprile, sconvolse L&#8217;Aquila e il territorio circostante, strappando alla vita pi\u00f9 di 300 persone. La distruzione si abbatt\u00e8 sul centro storico, sulla periferia, sui borghi vicini, lasciando tutta la Comunit\u00e0 nazionale attonita e sconvolta&#8221;. Inizia cos\u00ec il messaggio del Presidente della Repubblica, Sergio Mattarella, ricordando il sisma di L&#8217;Aquila 15 anni fa. &#8220;Il Paese seppe reagire, mobilitando tutte le proprie energie, mentre gli abitanti dell&#8217;area colpita dal sisma trovarono la forza per iniziare a ricostruire le case, i luoghi di lavoro, le scuole, per recuperare &#8211; per quanto possibile &#8211; le bellezze artistiche. Il percorso di rinascita di quella terra \u00e8 divenuto un traguardo e un patrimonio civico comune&#8221;.<br \/>&#8220;La piena ricostruzione della Citt\u00e0 e dei borghi &#8211; continua Mattarella &#8211; \u00e8 un dovere e un impegno da proseguire. Per ogni componente sociale, anzitutto per le Istituzioni. Cos\u00ec come tale \u00e8 l&#8217;opera di riconnessione del tessuto sociale.<br \/>E&#8217; una sfida che riguarda l&#8217;Abruzzo, le sue aree interne e, allo stesso tempo, costituisce un passaggio per innovare e offrire alle nuove generazioni la possibilit\u00e0 di realizzare i loro progetti nella sicurezza di un ambiente che sappia fare dei territori feriti, o a rischio per l&#8217;imprevedibilit\u00e0 della natura, luoghi di nuove opportunit\u00e0. La memoria di eventi cos\u00ec tragici deve dunque diventare per tutto il Paese ammonimento e impegno, per non trascurare mai il valore della vita umana e l&#8217;integrit\u00e0 delle Comunit\u00e0&#8221;.<div id=\"div-gpt-ad-Messinaoggi.it-DSK-300x250-corpoart\" style=\"text-align:center;margin:0 auto;\"><\/div><\/p>\n<p>&#8211; Foto: Agenzia Fotogramma &#8211; <div id=\"videoincontent\" style=\"clear:both\";><\/div><\/p>\n<p>(ITALPRESS).<\/p><\/div>\n","protected":false},"excerpt":{"rendered":"<p>ROMA (ITALPRESS) &#8211; &#8220;Il terremoto di quindici anni or sono, nella notte tra il 5 il 6 aprile, sconvolse L&#8217;Aquila e il territorio circostante, strappando alla vita pi\u00f9 di 300 persone. La distruzione si abbatt\u00e8 sul centro storico, sulla periferia, sui borghi vicini, lasciando tutta la Comunit\u00e0 nazionale attonita e sconvolta&#8221;. Inizia cos\u00ec il messaggio [&hellip;]<\/p>\n","protected":false},"author":18,"featured_media":193544,"comment_status":"closed","ping_status":"closed","sticky":false,"template":"","format":"standard","meta":{"ub_ctt_via":"","_mi_skip_tracking":false},"categories":[446],"tags":[783],"featured_image_src":"https:\/\/www.messinaoggi.it\/website\/wp-content\/uploads\/2024\/04\/20240406_0115.jpg","author_info":{"display_name":"Admin","author_link":"https:\/\/www.messinaoggi.it\/website\/author\/admin\/"},"digistream_id":0,"digistream":false,"_links":{"self":[{"href":"https:\/\/www.messinaoggi.it\/website\/wp-json\/wp\/v2\/posts\/193543"}],"collection":[{"href":"https:\/\/www.messinaoggi.it\/website\/wp-json\/wp\/v2\/posts"}],"about":[{"href":"https:\/\/www.messinaoggi.it\/website\/wp-json\/wp\/v2\/types\/post"}],"author":[{"embeddable":true,"href":"https:\/\/www.messinaoggi.it\/website\/wp-json\/wp\/v2\/users\/18"}],"replies":[{"embeddable":true,"href":"https:\/\/www.messinaoggi.it\/website\/wp-json\/wp\/v2\/comments?post=193543"}],"version-history":[{"count":0,"href":"https:\/\/www.messinaoggi.it\/website\/wp-json\/wp\/v2\/posts\/193543\/revisions"}],"wp:featuredmedia":[{"embeddable":true,"href":"https:\/\/www.messinaoggi.it\/website\/wp-json\/wp\/v2\/media\/193544"}],"wp:attachment":[{"href":"https:\/\/www.messinaoggi.it\/website\/wp-json\/wp\/v2\/media?parent=193543"}],"wp:term":[{"taxonomy":"category","embeddable":true,"href":"https:\/\/www.messinaoggi.it\/website\/wp-json\/wp\/v2\/categories?post=193543"},{"taxonomy":"post_tag","embeddable":true,"href":"https:\/\/www.messinaoggi.it\/website\/wp-json\/wp\/v2\/tags?post=193543"}],"curies":[{"name":"wp","href":"https:\/\/api.w.org\/{rel}","templated":true}]}}