{"id":193541,"date":"2024-04-06T11:08:09","date_gmt":"2024-04-06T09:08:09","guid":{"rendered":"https:\/\/www.messinaoggi.it\/website\/2024\/04\/06\/vendola-salviamo-leredita-della-primavera-pugliese\/"},"modified":"2024-04-06T11:08:09","modified_gmt":"2024-04-06T09:08:09","slug":"vendola-salviamo-leredita-della-primavera-pugliese","status":"publish","type":"post","link":"https:\/\/www.messinaoggi.it\/website\/2024\/04\/06\/vendola-salviamo-leredita-della-primavera-pugliese\/","title":{"rendered":"Vendola \u201cSalviamo l\u2019eredit\u00e0 della primavera pugliese\u201d"},"content":{"rendered":"<div>Bari (ITALPRESS) &#8211; &#8220;Abbiamo il dovere di difendere l&#8217;eredit\u00e0 preziosa della &#8216;primavera puglies\u00e8, cio\u00e8 di difendere con le unghie e con i denti la storia del grande cambiamento che in un ventennio ha trasformato il volto di Bari e della regione. Per questo \u00e8 una follia correre divisi alle prossime amministrative e spero di cuore che prevalga in tutti la saggezza e il senso di responsabilit\u00e0&#8221;. Cos\u00ec in una intervista a La Repubblixca l&#8217;ex governatore pugliese Nichi Vendola e presidente di Sinistra Italiana. &#8220;Ma non basta l&#8217;unit\u00e0 della coalizione: occorre espellere dal nostro campo le tossine della malapolitica e del trasformismo. Occorre essere impietosi con noi stessi e fare pulizia in ogni spigolo di opacit\u00e0 e di sporcizia<br \/>Abbiamo le carte in regola per tornare a vincere, ma a condizione di colpire chirurgicamente il male che ha lambito il nostro campo, e di recidere le reti di un consenso malato, clientelare, estorto nella suburra del voto di scambio. Il campo deve essere largo ma nonlarghissimo, deve essere giusto e profumare di buona politica&#8221;. Sul tema delle candidature Vendola dice: \u00abIo per primo ho proposto Laforgia, non un nome di partito ma un protagonista autorevole delle battaglie di libert\u00e0 e giustizia a Bari e non solo. Ma non \u00e8 mai stata una proposta di parte o di rottura col Pd: al contrario! Anche Leccese \u00e8 una personalit\u00e0 di tutto rispetto, competente e perbene: spero che insieme sapranno portarci fuori da questa crisi. Ne ha un disperato bisogno non il centrosinistra ma Bari,la citt\u00e0 in cui 20 anni fa nacque la &#8216;primavera puglies\u00e8&#8221;. <div id=\"div-gpt-ad-Messinaoggi.it-DSK-300x250-corpoart\" style=\"text-align:center;margin:0 auto;\"><\/div><\/p>\n<p>&#8211; Foto: Agenzia Fotogramma &#8211; <div id=\"videoincontent\" style=\"clear:both\";><\/div><\/p>\n<p>(ITALPRESS).<\/p><\/div>\n","protected":false},"excerpt":{"rendered":"<p>Bari (ITALPRESS) &#8211; &#8220;Abbiamo il dovere di difendere l&#8217;eredit\u00e0 preziosa della &#8216;primavera puglies\u00e8, cio\u00e8 di difendere con le unghie e con i denti la storia del grande cambiamento che in un ventennio ha trasformato il volto di Bari e della regione. Per questo \u00e8 una follia correre divisi alle prossime amministrative e spero di cuore [&hellip;]<\/p>\n","protected":false},"author":18,"featured_media":193542,"comment_status":"closed","ping_status":"closed","sticky":false,"template":"","format":"standard","meta":{"ub_ctt_via":"","_mi_skip_tracking":false},"categories":[446],"tags":[783],"featured_image_src":"https:\/\/www.messinaoggi.it\/website\/wp-content\/uploads\/2024\/04\/20240406_0099.jpg","author_info":{"display_name":"Admin","author_link":"https:\/\/www.messinaoggi.it\/website\/author\/admin\/"},"digistream_id":0,"digistream":false,"_links":{"self":[{"href":"https:\/\/www.messinaoggi.it\/website\/wp-json\/wp\/v2\/posts\/193541"}],"collection":[{"href":"https:\/\/www.messinaoggi.it\/website\/wp-json\/wp\/v2\/posts"}],"about":[{"href":"https:\/\/www.messinaoggi.it\/website\/wp-json\/wp\/v2\/types\/post"}],"author":[{"embeddable":true,"href":"https:\/\/www.messinaoggi.it\/website\/wp-json\/wp\/v2\/users\/18"}],"replies":[{"embeddable":true,"href":"https:\/\/www.messinaoggi.it\/website\/wp-json\/wp\/v2\/comments?post=193541"}],"version-history":[{"count":0,"href":"https:\/\/www.messinaoggi.it\/website\/wp-json\/wp\/v2\/posts\/193541\/revisions"}],"wp:featuredmedia":[{"embeddable":true,"href":"https:\/\/www.messinaoggi.it\/website\/wp-json\/wp\/v2\/media\/193542"}],"wp:attachment":[{"href":"https:\/\/www.messinaoggi.it\/website\/wp-json\/wp\/v2\/media?parent=193541"}],"wp:term":[{"taxonomy":"category","embeddable":true,"href":"https:\/\/www.messinaoggi.it\/website\/wp-json\/wp\/v2\/categories?post=193541"},{"taxonomy":"post_tag","embeddable":true,"href":"https:\/\/www.messinaoggi.it\/website\/wp-json\/wp\/v2\/tags?post=193541"}],"curies":[{"name":"wp","href":"https:\/\/api.w.org\/{rel}","templated":true}]}}