{"id":193525,"date":"2024-04-05T21:08:00","date_gmt":"2024-04-05T19:08:00","guid":{"rendered":"https:\/\/www.messinaoggi.it\/website\/2024\/04\/05\/chiarini-assolombarda-per-le-imprese-transizione-delle-competenze\/"},"modified":"2024-04-05T21:08:00","modified_gmt":"2024-04-05T19:08:00","slug":"chiarini-assolombarda-per-le-imprese-transizione-delle-competenze","status":"publish","type":"post","link":"https:\/\/www.messinaoggi.it\/website\/2024\/04\/05\/chiarini-assolombarda-per-le-imprese-transizione-delle-competenze\/","title":{"rendered":"Chiarini (Assolombarda) \u201cPer le imprese transizione delle competenze\u201d"},"content":{"rendered":"<div>MILANO (ITALPRESS) &#8211; &#8220;Il passaggio generazionale \u00e8 un tema di grandissima attualit\u00e0. Bisogna tener presente che il 95% del tessuto produttivo italiano \u00e8 formato da piccole e medie imprese, la gran parte delle quali a conduzione familiare. Queste aziende necessitano nel loro ciclo di un passaggio generazionale. Da una parte abbiamo i giovani imprenditori che sono fucina di tecnologia, dall&#8217;altra parte i nostri padri rappresentano quelle competenze consolidate e quel know how di visione strategica a lungo termine. E&#8217; necessario che ci sia un percorso strategico che possa portare a una contaminazione tra le due visioni per far crescere l&#8217;impresa&#8221;. Lo ha detto Federico Chiarini, presidente dei giovani imprenditori di Assolombarda, in un&#8217;intervista all&#8217;Italpress.<br \/>&#8220;Per Assolombarda questo \u00e8 un tema fondamentale, noi come giovani imprenditori seguiamo con i progetti &#8216;Figli del cap\u00f2 l&#8217;inserimento dei figli all&#8217;interno delle aziende, formando i ragazzi e raccontando loro cosa vuol dire la cultura di impresa&#8221;, ha spiegato. Anche quello &#8220;tra le start up e i giovani \u00e8 un connubio di strettissima attualit\u00e0. Nel contesto attuale, le grandi aziende hanno grandi macchinari e risorse economiche da investire nell&#8217;innovazione. Dall&#8217;altra parte abbiamo le start up e le Pmi innovative che rappresentano la capacit\u00e0 di innovare. L&#8217;alleanza tra questi gruppi non pu\u00f2 far altro che far crescere l&#8217;economia e creare posti di lavoro&#8221;.<br \/>Sull&#8217;open innovation &#8220;abbiamo due progetti: lanceremo una piattaforma per le 400 start up in Assolombarda che le metter\u00e0 in contatto con Pmi e aziende strutturate. Dobbiamo sviluppare nuovi investimenti da parte di chi ha necessit\u00e0 di evolvere. Il secondo progetto sar\u00e0 lanciato il 28 maggio per le start up gi\u00e0 presenti in Assolombarda ma anche per le future start up che si iscriveranno, per avviare un inizio di contaminazione e nuove idee imprenditoriali&#8221;. Per quanto riguarda l&#8217;intelligenza artificiale &#8220;ci sono dei pro e dei contro. Sicuramente stiamo andando incontro alla quinta rivoluzione industriale, ma il nostro Paese va a due velocit\u00e0. Le Pmi hanno una barriera all&#8217;ingresso, rappresentata da scarsit\u00e0 di risorse economiche da investire e da poche competenze. Guardando all&#8217;aspetto normativo, l&#8217;UE ha normato il tema e il governo ha disposto un miliardo di euro per sviluppare i finanziamenti su questa tecnologia: le barriere burocratiche e quelle relative all&#8217;annullamento dei costi possono essere un vol\u00e0no negativo. Le imprese devono quindi affrontare la terza transizione, quella delle competenze: i lavoratori devono essere formati per il futuro che verr\u00e0&#8221;. Col mondo della scuola e dell&#8217;universit\u00e0 &#8220;c&#8217;\u00e8 un mismatch: le aziende hanno bisogno di innovarsi e di trovare capitale umano che possa aiutarle in queste transizioni. Per noi c&#8217;\u00e8 al primo posto la formazione dei nostri imprenditori&#8221; per &#8220;vincere le sfide del futuro&#8221;, ha concluso.<div id=\"div-gpt-ad-Messinaoggi.it-DSK-300x250-corpoart\" style=\"text-align:center;margin:0 auto;\"><\/div><\/p>\n<p>&#8211; Foto: Italpress &#8211;<div id=\"videoincontent\" style=\"clear:both\";><\/div><\/p>\n<p>(ITALPRESS).<\/p><\/div>\n","protected":false},"excerpt":{"rendered":"<p>MILANO (ITALPRESS) &#8211; &#8220;Il passaggio generazionale \u00e8 un tema di grandissima attualit\u00e0. Bisogna tener presente che il 95% del tessuto produttivo italiano \u00e8 formato da piccole e medie imprese, la gran parte delle quali a conduzione familiare. Queste aziende necessitano nel loro ciclo di un passaggio generazionale. Da una parte abbiamo i giovani imprenditori che [&hellip;]<\/p>\n","protected":false},"author":18,"featured_media":193526,"comment_status":"closed","ping_status":"closed","sticky":false,"template":"","format":"standard","meta":{"ub_ctt_via":"","_mi_skip_tracking":false},"categories":[446],"tags":[783],"featured_image_src":"https:\/\/www.messinaoggi.it\/website\/wp-content\/uploads\/2024\/04\/20240405_2086.jpg","author_info":{"display_name":"Admin","author_link":"https:\/\/www.messinaoggi.it\/website\/author\/admin\/"},"digistream_id":0,"digistream":false,"_links":{"self":[{"href":"https:\/\/www.messinaoggi.it\/website\/wp-json\/wp\/v2\/posts\/193525"}],"collection":[{"href":"https:\/\/www.messinaoggi.it\/website\/wp-json\/wp\/v2\/posts"}],"about":[{"href":"https:\/\/www.messinaoggi.it\/website\/wp-json\/wp\/v2\/types\/post"}],"author":[{"embeddable":true,"href":"https:\/\/www.messinaoggi.it\/website\/wp-json\/wp\/v2\/users\/18"}],"replies":[{"embeddable":true,"href":"https:\/\/www.messinaoggi.it\/website\/wp-json\/wp\/v2\/comments?post=193525"}],"version-history":[{"count":0,"href":"https:\/\/www.messinaoggi.it\/website\/wp-json\/wp\/v2\/posts\/193525\/revisions"}],"wp:featuredmedia":[{"embeddable":true,"href":"https:\/\/www.messinaoggi.it\/website\/wp-json\/wp\/v2\/media\/193526"}],"wp:attachment":[{"href":"https:\/\/www.messinaoggi.it\/website\/wp-json\/wp\/v2\/media?parent=193525"}],"wp:term":[{"taxonomy":"category","embeddable":true,"href":"https:\/\/www.messinaoggi.it\/website\/wp-json\/wp\/v2\/categories?post=193525"},{"taxonomy":"post_tag","embeddable":true,"href":"https:\/\/www.messinaoggi.it\/website\/wp-json\/wp\/v2\/tags?post=193525"}],"curies":[{"name":"wp","href":"https:\/\/api.w.org\/{rel}","templated":true}]}}