{"id":193483,"date":"2024-04-05T18:08:04","date_gmt":"2024-04-05T16:08:04","guid":{"rendered":"https:\/\/www.messinaoggi.it\/website\/2024\/04\/05\/piano-mattei-mattarella-collaborazione-paritaria-con-lafrica\/"},"modified":"2024-04-05T18:08:04","modified_gmt":"2024-04-05T16:08:04","slug":"piano-mattei-mattarella-collaborazione-paritaria-con-lafrica","status":"publish","type":"post","link":"https:\/\/www.messinaoggi.it\/website\/2024\/04\/05\/piano-mattei-mattarella-collaborazione-paritaria-con-lafrica\/","title":{"rendered":"Piano Mattei, Mattarella \u201cCollaborazione paritaria con l\u2019Africa\u201d"},"content":{"rendered":"<div>ACCRA (GHANA) (ITALPRESS) &#8211; &#8220;Il Piano Mattei che il governo italiano ha lanciato evoca la volont\u00e0 di collaborare su un piano paritario con l&#8217;Africa, cercando di coinvolgere in questo l&#8217;intera Europa&#8221;. Lo dice il presidente della Repubblica, Sergio Mattarella, dopo aver incontrato ad Accra il presidente del Ghana Nana Addo Dankwa Akufo-Addo.<br \/>&#8220;La scelta del nome di Mattei per il piano non \u00e8 casuale perch\u00e8 Mattei \u00e8 stato davvero un amico dell&#8217;Africa, del continente intero contro ogni forma di sfruttamento coloniale, per una collaborazione sul piano paritario&#8221;, ha aggiunto.<div id=\"div-gpt-ad-Messinaoggi.it-DSK-300x250-corpoart\" style=\"text-align:center;margin:0 auto;\"><\/div><\/p>\n<p>&#8211; Foto ufficio stampa Quirinale &#8211;<div id=\"videoincontent\" style=\"clear:both\";><\/div><\/p>\n<p>(ITALPRESS).<\/p><\/div>\n","protected":false},"excerpt":{"rendered":"<p>ACCRA (GHANA) (ITALPRESS) &#8211; &#8220;Il Piano Mattei che il governo italiano ha lanciato evoca la volont\u00e0 di collaborare su un piano paritario con l&#8217;Africa, cercando di coinvolgere in questo l&#8217;intera Europa&#8221;. Lo dice il presidente della Repubblica, Sergio Mattarella, dopo aver incontrato ad Accra il presidente del Ghana Nana Addo Dankwa Akufo-Addo.&#8220;La scelta del nome [&hellip;]<\/p>\n","protected":false},"author":18,"featured_media":193484,"comment_status":"closed","ping_status":"closed","sticky":false,"template":"","format":"standard","meta":{"ub_ctt_via":"","_mi_skip_tracking":false},"categories":[446],"tags":[783],"featured_image_src":"https:\/\/www.messinaoggi.it\/website\/wp-content\/uploads\/2024\/04\/20240405_1005.jpg","author_info":{"display_name":"Admin","author_link":"https:\/\/www.messinaoggi.it\/website\/author\/admin\/"},"digistream_id":0,"digistream":false,"_links":{"self":[{"href":"https:\/\/www.messinaoggi.it\/website\/wp-json\/wp\/v2\/posts\/193483"}],"collection":[{"href":"https:\/\/www.messinaoggi.it\/website\/wp-json\/wp\/v2\/posts"}],"about":[{"href":"https:\/\/www.messinaoggi.it\/website\/wp-json\/wp\/v2\/types\/post"}],"author":[{"embeddable":true,"href":"https:\/\/www.messinaoggi.it\/website\/wp-json\/wp\/v2\/users\/18"}],"replies":[{"embeddable":true,"href":"https:\/\/www.messinaoggi.it\/website\/wp-json\/wp\/v2\/comments?post=193483"}],"version-history":[{"count":0,"href":"https:\/\/www.messinaoggi.it\/website\/wp-json\/wp\/v2\/posts\/193483\/revisions"}],"wp:featuredmedia":[{"embeddable":true,"href":"https:\/\/www.messinaoggi.it\/website\/wp-json\/wp\/v2\/media\/193484"}],"wp:attachment":[{"href":"https:\/\/www.messinaoggi.it\/website\/wp-json\/wp\/v2\/media?parent=193483"}],"wp:term":[{"taxonomy":"category","embeddable":true,"href":"https:\/\/www.messinaoggi.it\/website\/wp-json\/wp\/v2\/categories?post=193483"},{"taxonomy":"post_tag","embeddable":true,"href":"https:\/\/www.messinaoggi.it\/website\/wp-json\/wp\/v2\/tags?post=193483"}],"curies":[{"name":"wp","href":"https:\/\/api.w.org\/{rel}","templated":true}]}}