{"id":19340,"date":"2018-05-14T17:32:21","date_gmt":"2018-05-14T15:32:21","guid":{"rendered":"http:\/\/www.messinaoggi.it\/website\/?p=19340"},"modified":"2018-05-14T17:32:21","modified_gmt":"2018-05-14T15:32:21","slug":"zona-falcata-on-de-lucaconflitto-competenze-ne-danneggia-lo-sviluppo-gestione-passi-ad-ap-e-comune","status":"publish","type":"post","link":"https:\/\/www.messinaoggi.it\/website\/2018\/05\/14\/zona-falcata-on-de-lucaconflitto-competenze-ne-danneggia-lo-sviluppo-gestione-passi-ad-ap-e-comune\/","title":{"rendered":"Zona Falcata, On. De Luca:\u201cConflitto competenze ne danneggia lo sviluppo, gestione passi ad AP e Comune\u201d"},"content":{"rendered":"<p>Ennesimo appello verso una riappropriazione e valorizzazione della Zona Falcata da parte della citt\u00e0 di Messina. Questa volta ad alzare la voce per l&#8217;aerea del porto storico \u00e8 il candidato a sindaco Cateno De Luca, protagonista stamani della zona corrispondente alla penisola che ospit\u00f2 i primi insediamenti della greca Zancle:\u00a0<em style=\"text-align: justify\">\u201cMi sono reso conto come la mancanza di pianificazione e il conflitto di competenze abbia frenato lo sviluppo della zona pi\u00f9 bella della citt\u00e0. Ho visto la zona Falcata, la Real cittadella, l\u2019ex arsenale militare, l\u2019area della marina militare e Guardia costiera e i cantieri Palumbo e Rodriquez, l\u2019ex area degassifica e quella delle Ferrovie dello Stato e sono deluso di come le istituzioni abbiano gestito la situazione\u201d.<\/em><div id=\"div-gpt-ad-Messinaoggi.it-DSK-300x250-corpoart\" style=\"text-align:center;margin:0 auto;\"><\/div><\/p>\n<p style=\"text-align: justify\"><em>&#8220;Il conflitto di competenze<\/em> &#8211; aggiunge De Luca &#8211; <em>\u00e8 evidente ed il degrado nella maggior parte di questo suggestivo territorio regna sovrano. Lo Stato non investe pi\u00f9 e l\u2019Agenzia industrie e difesa, ex arsenale, si trova in una situazione di depotenziamento che rappresenta la fase peggiore rispetto alla sua istituzione che risale al 1860. Quanti abusivi abbiamo visto tra gli immobili abbandonati che si affacciano sullo stretto di Messina. Il Palazzo Municipale non pu\u00f2 continuare a stare a guardare nella totale indifferenza dello Stato che non intende pi\u00f9 investire per valorizzare le attivit\u00e0 presenti.<\/em><div id=\"videoincontent\" style=\"clear:both\";><\/div><\/p>\n<p style=\"text-align: justify\"><em>&#8220;Bisogna avere il coraggio di porre la questione in termini risolutori: o investi o te vai e consenti alla citt\u00e0 di riprendersi la parte pi\u00f9 suggestiva che potrebbe rappresentare un eccellente volano ai fini dell\u2019industria turistica alberghiera. Noi &#8211; conclude l&#8217;onorevole &#8211;\u00a0 vogliamo che la gestione di questa area passi di competenza all\u2019Autorit\u00e0 portuale per un piano sinergico con il palazzo municipale per creare una strategia unica e storica&#8221;.<\/em><\/p>\n","protected":false},"excerpt":{"rendered":"<p>Ennesimo appello verso una riappropriazione e valorizzazione della Zona Falcata da parte della citt\u00e0 di Messina. Questa volta ad alzare la voce per l&#8217;aerea del porto storico \u00e8 il candidato a sindaco Cateno De Luca, protagonista stamani della zona corrispondente alla penisola che ospit\u00f2 i primi insediamenti della greca Zancle:\u00a0\u201cMi sono reso conto come la [&hellip;]<\/p>\n","protected":false},"author":6,"featured_media":7771,"comment_status":"closed","ping_status":"open","sticky":false,"template":"","format":"standard","meta":{"ub_ctt_via":"","_mi_skip_tracking":false},"categories":[4],"tags":[],"featured_image_src":"https:\/\/www.messinaoggi.it\/website\/wp-content\/uploads\/2017\/09\/porto-messina-madonnina-e-falce-messinaoggiMR-2.jpg","author_info":{"display_name":"Redazione MessinaOggi.it","author_link":"https:\/\/www.messinaoggi.it\/website\/author\/p-vinci\/"},"digistream_id":0,"digistream":false,"_links":{"self":[{"href":"https:\/\/www.messinaoggi.it\/website\/wp-json\/wp\/v2\/posts\/19340"}],"collection":[{"href":"https:\/\/www.messinaoggi.it\/website\/wp-json\/wp\/v2\/posts"}],"about":[{"href":"https:\/\/www.messinaoggi.it\/website\/wp-json\/wp\/v2\/types\/post"}],"author":[{"embeddable":true,"href":"https:\/\/www.messinaoggi.it\/website\/wp-json\/wp\/v2\/users\/6"}],"replies":[{"embeddable":true,"href":"https:\/\/www.messinaoggi.it\/website\/wp-json\/wp\/v2\/comments?post=19340"}],"version-history":[{"count":0,"href":"https:\/\/www.messinaoggi.it\/website\/wp-json\/wp\/v2\/posts\/19340\/revisions"}],"wp:featuredmedia":[{"embeddable":true,"href":"https:\/\/www.messinaoggi.it\/website\/wp-json\/wp\/v2\/media\/7771"}],"wp:attachment":[{"href":"https:\/\/www.messinaoggi.it\/website\/wp-json\/wp\/v2\/media?parent=19340"}],"wp:term":[{"taxonomy":"category","embeddable":true,"href":"https:\/\/www.messinaoggi.it\/website\/wp-json\/wp\/v2\/categories?post=19340"},{"taxonomy":"post_tag","embeddable":true,"href":"https:\/\/www.messinaoggi.it\/website\/wp-json\/wp\/v2\/tags?post=19340"}],"curies":[{"name":"wp","href":"https:\/\/api.w.org\/{rel}","templated":true}]}}