{"id":193372,"date":"2024-04-05T01:08:01","date_gmt":"2024-04-04T23:08:01","guid":{"rendered":"https:\/\/www.messinaoggi.it\/website\/2024\/04\/05\/conte-a-bari-non-ci-sono-piu-le-condizioni-per-le-primarie\/"},"modified":"2024-04-05T01:08:01","modified_gmt":"2024-04-04T23:08:01","slug":"conte-a-bari-non-ci-sono-piu-le-condizioni-per-le-primarie","status":"publish","type":"post","link":"https:\/\/www.messinaoggi.it\/website\/2024\/04\/05\/conte-a-bari-non-ci-sono-piu-le-condizioni-per-le-primarie\/","title":{"rendered":"Conte \u201cA Bari non ci sono pi\u00f9 le condizioni per le primarie\u201d"},"content":{"rendered":"<div>ROMA (ITALPRESS) &#8211; &#8220;Alla prima inchiesta giudiziaria se ne aggiunge oggi una seconda in cui \u00e8 coinvolto il voto di scambio, l&#8217;inquinamento del voto, cosa che noi stiamo denunciando da tempo. Per il M5S non ci sono le condizioni per svolgere seriamente le primarie, riteniamo che le ragioni che ci hanno spinto a sostenere il candidato Laforgia permangano immutate, anzi si rafforzano. Ci confronteremo anche con le altre forze politiche e civiche della coalizione per cercare di affrontare la campagna elettorale per Bari nel segno di un nuovo inizio, di un rafforzamento dei presidi di legalit\u00e0, di massima trasparenza&#8221;. Lo ha detto il presidente del M5S, Giuseppe Conte, a Bari prima di partecipare a un comizio elettorale in favore del candidato Michele Laforgia. &#8220;Nel M5S l&#8217;obiettivo della legalit\u00e0, della trasparenza, del contrasto a qualsiasi forma di corruzione e inquinamento del voto, della lotta ai clan e alle mafie, \u00e8 una premessa indispensabile per poter dare un contributo politico. Se non c&#8217;\u00e8 questa premessa noi non ci siamo&#8221;, ha aggiunto.<br \/>\n&#8220;Lo abbiamo detto sin dall&#8217;inizio. Quindi, cercheremo di continuare a lavorare con le altre forze ma cercando di ottenere e pretendendo le massime garanzie perch\u00e8 ci siano queste condizioni. Se non ci sono queste condizioni noi non ci siamo. Se il M5S a Bari ci sar\u00e0 nella coalizione \u00e8 perch\u00e8 si realizzeranno queste condizioni. Noi siamo per lo spirito unitario. Tutti conoscono le condizooni per potere lavorare insieme. Ho gi\u00e0 anticipato agli altri esponenti politici questa nostra determinazione&#8221;, ha concluso Conte.<br \/>\n(ITALPRESS).<br \/>\n&#8211; Foto: Agenzia Fotogramma &#8211;<\/div>\n<div id=\"div-gpt-ad-Messinaoggi.it-DSK-300x250-corpoart\" style=\"text-align:center;margin:0 auto;\"><\/div><\/p><div id=\"videoincontent\" style=\"clear:both\";><\/div>","protected":false},"excerpt":{"rendered":"<p>ROMA (ITALPRESS) &#8211; &#8220;Alla prima inchiesta giudiziaria se ne aggiunge oggi una seconda in cui \u00e8 coinvolto il voto di scambio, l&#8217;inquinamento del voto, cosa che noi stiamo denunciando da tempo. Per il M5S non ci sono le condizioni per svolgere seriamente le primarie, riteniamo che le ragioni che ci hanno spinto a sostenere il [&hellip;]<\/p>\n","protected":false},"author":18,"featured_media":193373,"comment_status":"closed","ping_status":"closed","sticky":false,"template":"","format":"standard","meta":{"ub_ctt_via":"","_mi_skip_tracking":false},"categories":[446],"tags":[783],"featured_image_src":"https:\/\/www.messinaoggi.it\/website\/wp-content\/uploads\/2024\/04\/20240404_2336.jpg","author_info":{"display_name":"Admin","author_link":"https:\/\/www.messinaoggi.it\/website\/author\/admin\/"},"digistream_id":0,"digistream":false,"_links":{"self":[{"href":"https:\/\/www.messinaoggi.it\/website\/wp-json\/wp\/v2\/posts\/193372"}],"collection":[{"href":"https:\/\/www.messinaoggi.it\/website\/wp-json\/wp\/v2\/posts"}],"about":[{"href":"https:\/\/www.messinaoggi.it\/website\/wp-json\/wp\/v2\/types\/post"}],"author":[{"embeddable":true,"href":"https:\/\/www.messinaoggi.it\/website\/wp-json\/wp\/v2\/users\/18"}],"replies":[{"embeddable":true,"href":"https:\/\/www.messinaoggi.it\/website\/wp-json\/wp\/v2\/comments?post=193372"}],"version-history":[{"count":0,"href":"https:\/\/www.messinaoggi.it\/website\/wp-json\/wp\/v2\/posts\/193372\/revisions"}],"wp:featuredmedia":[{"embeddable":true,"href":"https:\/\/www.messinaoggi.it\/website\/wp-json\/wp\/v2\/media\/193373"}],"wp:attachment":[{"href":"https:\/\/www.messinaoggi.it\/website\/wp-json\/wp\/v2\/media?parent=193372"}],"wp:term":[{"taxonomy":"category","embeddable":true,"href":"https:\/\/www.messinaoggi.it\/website\/wp-json\/wp\/v2\/categories?post=193372"},{"taxonomy":"post_tag","embeddable":true,"href":"https:\/\/www.messinaoggi.it\/website\/wp-json\/wp\/v2\/tags?post=193372"}],"curies":[{"name":"wp","href":"https:\/\/api.w.org\/{rel}","templated":true}]}}