{"id":193249,"date":"2024-04-03T21:32:51","date_gmt":"2024-04-03T19:32:51","guid":{"rendered":"http:\/\/www.messinaoggi.it\/website\/?p=193249"},"modified":"2024-04-03T21:35:53","modified_gmt":"2024-04-03T19:35:53","slug":"acquedotto-fiumefreddo-posticipato-il-quinto-step-dei-lavori","status":"publish","type":"post","link":"https:\/\/www.messinaoggi.it\/website\/2024\/04\/03\/acquedotto-fiumefreddo-posticipato-il-quinto-step-dei-lavori\/","title":{"rendered":"Acquedotto Fiumefreddo, posticipato il quinto step dei lavori"},"content":{"rendered":"\n<p>\u00c8 stato posticipato al 19 aprile, salvo imprevisti o avversit\u00e0 meteo, il quinto step progettuale di interventi strutturali finalizzati alla mitigazione delle vulnerabilit\u00e0 dell\u2019acquedotto Fiumefreddo, che da programma era fissato per venerd\u00ec 5 aprile&#8221;. \u00c8 quanto rendono noto Comune e Amam.<div id=\"div-gpt-ad-Messinaoggi.it-DSK-300x250-corpoart\" style=\"text-align:center;margin:0 auto;\"><\/div><\/p>\n\n\n\n<p>Il differimento delle operazioni, che comporteranno come di consueto l\u2019interruzione idrica in citt\u00e0, \u00e8 stato disposto dalla direzione dei lavori progettuali per esigenze tecniche articolate ad Amam e alla ditta appaltatrice Cospin, con una specifica nota in cui si richiama il cronoprogramma delle ultime lavorazioni da effettuare.<div id=\"videoincontent\" style=\"clear:both\";><\/div><\/p>\n\n\n\n<p>&#8220;Si aggiorna al 19 aprile la quinta interruzione idrica legata ai lavori sulla condotta adduttrice principale della Citt\u00e0. Nei prossimi giorni &#8211; riferiscono Comune e Amam &#8211; sar\u00e0 fornita ampia diffusione e comunicazione, come avvenuto nei precedenti step, unitamente all\u2019allestimento del piano di supporto alla popolazione a cura del Coc comunale per limitare al massimo i disagi dei cittadini&#8221;.  <\/p>\n","protected":false},"excerpt":{"rendered":"<p>\u00c8 stato posticipato al 19 aprile, salvo imprevisti o avversit\u00e0 meteo, il quinto step progettuale di interventi strutturali finalizzati alla mitigazione delle vulnerabilit\u00e0 dell\u2019acquedotto Fiumefreddo, che da programma era fissato per venerd\u00ec 5 aprile&#8221;. \u00c8 quanto rendono noto Comune e Amam. Il differimento delle operazioni, che comporteranno come di consueto l\u2019interruzione idrica in citt\u00e0, \u00e8 [&hellip;]<\/p>\n","protected":false},"author":4,"featured_media":177498,"comment_status":"open","ping_status":"open","sticky":false,"template":"","format":"standard","meta":{"ub_ctt_via":"","_mi_skip_tracking":false},"categories":[19],"tags":[9797,1080],"featured_image_src":"https:\/\/www.messinaoggi.it\/website\/wp-content\/uploads\/2023\/11\/402499160_10227599551446109_5754425190646450642_n.jpg","author_info":{"display_name":"redme","author_link":"https:\/\/www.messinaoggi.it\/website\/author\/redme\/"},"digistream_id":0,"digistream":false,"_links":{"self":[{"href":"https:\/\/www.messinaoggi.it\/website\/wp-json\/wp\/v2\/posts\/193249"}],"collection":[{"href":"https:\/\/www.messinaoggi.it\/website\/wp-json\/wp\/v2\/posts"}],"about":[{"href":"https:\/\/www.messinaoggi.it\/website\/wp-json\/wp\/v2\/types\/post"}],"author":[{"embeddable":true,"href":"https:\/\/www.messinaoggi.it\/website\/wp-json\/wp\/v2\/users\/4"}],"replies":[{"embeddable":true,"href":"https:\/\/www.messinaoggi.it\/website\/wp-json\/wp\/v2\/comments?post=193249"}],"version-history":[{"count":2,"href":"https:\/\/www.messinaoggi.it\/website\/wp-json\/wp\/v2\/posts\/193249\/revisions"}],"predecessor-version":[{"id":193252,"href":"https:\/\/www.messinaoggi.it\/website\/wp-json\/wp\/v2\/posts\/193249\/revisions\/193252"}],"wp:featuredmedia":[{"embeddable":true,"href":"https:\/\/www.messinaoggi.it\/website\/wp-json\/wp\/v2\/media\/177498"}],"wp:attachment":[{"href":"https:\/\/www.messinaoggi.it\/website\/wp-json\/wp\/v2\/media?parent=193249"}],"wp:term":[{"taxonomy":"category","embeddable":true,"href":"https:\/\/www.messinaoggi.it\/website\/wp-json\/wp\/v2\/categories?post=193249"},{"taxonomy":"post_tag","embeddable":true,"href":"https:\/\/www.messinaoggi.it\/website\/wp-json\/wp\/v2\/tags?post=193249"}],"curies":[{"name":"wp","href":"https:\/\/api.w.org\/{rel}","templated":true}]}}