{"id":193241,"date":"2024-04-03T20:34:10","date_gmt":"2024-04-03T18:34:10","guid":{"rendered":"http:\/\/www.messinaoggi.it\/website\/?p=193241"},"modified":"2024-04-03T20:34:27","modified_gmt":"2024-04-03T18:34:27","slug":"amam-non-fornira-acqua-al-comune-di-taormina","status":"publish","type":"post","link":"https:\/\/www.messinaoggi.it\/website\/2024\/04\/03\/amam-non-fornira-acqua-al-comune-di-taormina\/","title":{"rendered":"Amam non fornir\u00e0 acqua al Comune di Taormina"},"content":{"rendered":"\n<p>&#8220;Amam non fornir\u00e0 acqua al Comune di Taormina&#8221;. \u00c8 quanto precisa l\u2019azienda in risposta alla notizia diffusa secondo cui Amam fornir\u00e0 acqua al Comune di Taormina per la stagione estiva 2024. Essa \u00e8 infondata, fuorviante e non rappresenta la realt\u00e0 dei fatti. La convenzione della quale si parla prevede proprio che sia Siciliacque a rifornire il Comune di Taormina e non pi\u00f9 Amam. Dalla Societ\u00e0 Siciliacque SpA, che gestisce l&#8217;acquedotto dell&#8217;Alcantara, verranno<br>fatturati i consumi idrici del Comune di Taormina per la stagione estiva 2024.<br>Proprio grazie a tale convenzione, Amam non dovr\u00e0 fornire nemmeno la piccola aliquota idrica che per decenni ha fornito a Taormina (come a Giardini Naxos) liberando e recuperando ulteriore risorsa idrica<br>in favore di Messina. Amam metter\u00e0 a disposizione soltanto il servizio di \u201cvettoriamento\u201d della risorsa idrica che Siciliacque fornir\u00e0 a Taormina. Per tale servizio il Comune di Taormina verser\u00e0 regolare corrispettivo ad Amam quale vettore.<br>Per le spese di gestione, Amam incasser\u00e0 dal Comune di Taormina un&#8217;aliquota dei consumi idrici che Taormina pagher\u00e0 a Siciliacque.<br>In considerazione di quanto sopra, si smentisce seccamente l&#8217;interpretazione secondo la quale Taormina beneficer\u00e0 di risorse idriche destinate alla citt\u00e0 di Messina. Si ribadisce che proprio in conseguenza dell\u2019attivazione di questa convenzione, la quantit\u00e0 di acqua<br>che arriver\u00e0 a Messina verr\u00e0 aumentata.<div id=\"div-gpt-ad-Messinaoggi.it-DSK-300x250-corpoart\" style=\"text-align:center;margin:0 auto;\"><\/div><\/p>\n<div id=\"videoincontent\" style=\"clear:both\";><\/div>","protected":false},"excerpt":{"rendered":"<p>&#8220;Amam non fornir\u00e0 acqua al Comune di Taormina&#8221;. \u00c8 quanto precisa l\u2019azienda in risposta alla notizia diffusa secondo cui Amam fornir\u00e0 acqua al Comune di Taormina per la stagione estiva 2024. Essa \u00e8 infondata, fuorviante e non rappresenta la realt\u00e0 dei fatti. La convenzione della quale si parla prevede proprio che sia Siciliacque a rifornire [&hellip;]<\/p>\n","protected":false},"author":4,"featured_media":0,"comment_status":"open","ping_status":"open","sticky":false,"template":"","format":"standard","meta":{"ub_ctt_via":"","_mi_skip_tracking":false},"categories":[5],"tags":[95,2593,1080,8013,73],"featured_image_src":null,"author_info":{"display_name":"redme","author_link":"https:\/\/www.messinaoggi.it\/website\/author\/redme\/"},"digistream_id":0,"digistream":false,"_links":{"self":[{"href":"https:\/\/www.messinaoggi.it\/website\/wp-json\/wp\/v2\/posts\/193241"}],"collection":[{"href":"https:\/\/www.messinaoggi.it\/website\/wp-json\/wp\/v2\/posts"}],"about":[{"href":"https:\/\/www.messinaoggi.it\/website\/wp-json\/wp\/v2\/types\/post"}],"author":[{"embeddable":true,"href":"https:\/\/www.messinaoggi.it\/website\/wp-json\/wp\/v2\/users\/4"}],"replies":[{"embeddable":true,"href":"https:\/\/www.messinaoggi.it\/website\/wp-json\/wp\/v2\/comments?post=193241"}],"version-history":[{"count":1,"href":"https:\/\/www.messinaoggi.it\/website\/wp-json\/wp\/v2\/posts\/193241\/revisions"}],"predecessor-version":[{"id":193242,"href":"https:\/\/www.messinaoggi.it\/website\/wp-json\/wp\/v2\/posts\/193241\/revisions\/193242"}],"wp:attachment":[{"href":"https:\/\/www.messinaoggi.it\/website\/wp-json\/wp\/v2\/media?parent=193241"}],"wp:term":[{"taxonomy":"category","embeddable":true,"href":"https:\/\/www.messinaoggi.it\/website\/wp-json\/wp\/v2\/categories?post=193241"},{"taxonomy":"post_tag","embeddable":true,"href":"https:\/\/www.messinaoggi.it\/website\/wp-json\/wp\/v2\/tags?post=193241"}],"curies":[{"name":"wp","href":"https:\/\/api.w.org\/{rel}","templated":true}]}}