{"id":19324,"date":"2018-05-14T15:26:30","date_gmt":"2018-05-14T13:26:30","guid":{"rendered":"http:\/\/www.messinaoggi.it\/website\/?p=19324"},"modified":"2018-05-14T15:26:30","modified_gmt":"2018-05-14T13:26:30","slug":"zona-falcata-de-luca-gestione-passi-ad-autorita-portuale-e-comune","status":"publish","type":"post","link":"https:\/\/www.messinaoggi.it\/website\/2018\/05\/14\/zona-falcata-de-luca-gestione-passi-ad-autorita-portuale-e-comune\/","title":{"rendered":"Zona Falcata, De Luca: &quot;Gestione passi ad Autorit\u00e0 Portuale e Comune&quot;"},"content":{"rendered":"<p style=\"text-align: justify\"><em>\u201c<\/em>Mi sono reso conto come la mancanza di pianificazione e il conflitto di competenze abbia frenato lo sviluppo della zona pi\u00f9 bella della citt\u00e0. Ho visto la zona Falcata, la Real cittadella, l\u2019ex arsenale militare, l\u2019area della marina militare e Guardia costiera e i cantieri Palumbo e Rodriquez, l\u2019ex area degassifica e quella delle Ferrovie dello Stato e sono deluso di come le istituzioni abbiano gestito la situazione\u201d.<div id=\"div-gpt-ad-Messinaoggi.it-DSK-300x250-corpoart\" style=\"text-align:center;margin:0 auto;\"><\/div><\/p>\n<p style=\"text-align: justify\">A dirlo \u00e8 Cateno De Luca, candidato sindaco di Messina durante una visita nell\u2019area della zona Falcata. \u201cIl conflitto di competenze \u2013 aggiunge De Luca- \u00e8 evidente ed il degrado nella maggior parte di questo suggestivo territorio regna sovrano. Lo Stato non investe pi\u00f9 e l\u2019Agenzia industrie e difesa, ex arsenale, si trova in una situazione di depotenziamento che rappresenta la fase peggiore rispetto alla sua istituzione che risale al 1860. Quanti abusivi abbiamo visto tra gli immobili abbandonati che si affacciano sullo stretto di Messina. Il Palazzo Municipale non pu\u00f2 continuare a stare a guardare nella totale indifferenza dello Stato che non intende pi\u00f9 investire per valorizzare le attivit\u00e0 presenti. Bisogna avere il coraggio di porre la questione in termini risolutori: o investi o te vai e consenti alla citt\u00e0 di riprendersi la parte pi\u00f9 suggestiva che potrebbe rappresentare un eccellente volano ai fini dell\u2019industria turistica alberghiera . Noi vogliamo che la gestione di questa area passi di competenza all\u2019 Autorit\u00e0 portuale per un piano sinergico con il palazzo municipale per creare una strategia unica e storica&#8221;.<div id=\"videoincontent\" style=\"clear:both\";><\/div><\/p>\n<p><em>\u00a0<\/em><\/p>\n","protected":false},"excerpt":{"rendered":"<p>\u201cMi sono reso conto come la mancanza di pianificazione e il conflitto di competenze abbia frenato lo sviluppo della zona pi\u00f9 bella della citt\u00e0. Ho visto la zona Falcata, la Real cittadella, l\u2019ex arsenale militare, l\u2019area della marina militare e Guardia costiera e i cantieri Palumbo e Rodriquez, l\u2019ex area degassifica e quella delle Ferrovie [&hellip;]<\/p>\n","protected":false},"author":15,"featured_media":16474,"comment_status":"closed","ping_status":"open","sticky":false,"template":"","format":"standard","meta":{"ub_ctt_via":"","_mi_skip_tracking":false},"categories":[6],"tags":[],"featured_image_src":"https:\/\/www.messinaoggi.it\/website\/wp-content\/uploads\/2018\/03\/conf-de-luca-RRP_5480-1.jpg","author_info":{"display_name":"red.me","author_link":"https:\/\/www.messinaoggi.it\/website\/author\/red-me\/"},"digistream_id":0,"digistream":false,"_links":{"self":[{"href":"https:\/\/www.messinaoggi.it\/website\/wp-json\/wp\/v2\/posts\/19324"}],"collection":[{"href":"https:\/\/www.messinaoggi.it\/website\/wp-json\/wp\/v2\/posts"}],"about":[{"href":"https:\/\/www.messinaoggi.it\/website\/wp-json\/wp\/v2\/types\/post"}],"author":[{"embeddable":true,"href":"https:\/\/www.messinaoggi.it\/website\/wp-json\/wp\/v2\/users\/15"}],"replies":[{"embeddable":true,"href":"https:\/\/www.messinaoggi.it\/website\/wp-json\/wp\/v2\/comments?post=19324"}],"version-history":[{"count":0,"href":"https:\/\/www.messinaoggi.it\/website\/wp-json\/wp\/v2\/posts\/19324\/revisions"}],"wp:featuredmedia":[{"embeddable":true,"href":"https:\/\/www.messinaoggi.it\/website\/wp-json\/wp\/v2\/media\/16474"}],"wp:attachment":[{"href":"https:\/\/www.messinaoggi.it\/website\/wp-json\/wp\/v2\/media?parent=19324"}],"wp:term":[{"taxonomy":"category","embeddable":true,"href":"https:\/\/www.messinaoggi.it\/website\/wp-json\/wp\/v2\/categories?post=19324"},{"taxonomy":"post_tag","embeddable":true,"href":"https:\/\/www.messinaoggi.it\/website\/wp-json\/wp\/v2\/tags?post=19324"}],"curies":[{"name":"wp","href":"https:\/\/api.w.org\/{rel}","templated":true}]}}