{"id":193131,"date":"2024-04-03T00:08:17","date_gmt":"2024-04-02T22:08:17","guid":{"rendered":"https:\/\/www.messinaoggi.it\/website\/2024\/04\/02\/medio-oriente-schlein-serve-subito-il-cessate-il-fuoco\/"},"modified":"2024-04-03T09:50:46","modified_gmt":"2024-04-03T07:50:46","slug":"medio-oriente-schlein-serve-subito-il-cessate-il-fuoco","status":"publish","type":"post","link":"https:\/\/www.messinaoggi.it\/website\/2024\/04\/03\/medio-oriente-schlein-serve-subito-il-cessate-il-fuoco\/","title":{"rendered":"Medio Oriente, Schlein \u201cServe subito il cessate il fuoco\u201d"},"content":{"rendered":"<div>ROMA (ITALPRESS) &#8211; &#8220;Questo \u00e8 un orrore senza fine, di fronte al quale non basta condannare e deprecare. Cos\u00ec come non basta pi\u00f9 davanti all&#8217;uccisione da parte dell&#8217;esercito israeliano di operatori umanitari di WCK. Serve giustizia, punendo chi ha commesso questo crimine di guerra e serve fermare questo massacro dando seguito a quello che ha chiesto anche l&#8217;ONU: cessate il fuoco subito. Non c&#8217;\u00e8 altra strada&#8221;. Cos\u00ec in una nota la segretaria del PD Elly Schlein.<div id=\"div-gpt-ad-Messinaoggi.it-DSK-300x250-corpoart\" style=\"text-align:center;margin:0 auto;\"><\/div><\/p>\n<p>&#8211; Foto: Agenzia Fotogramma &#8211;<div id=\"videoincontent\" style=\"clear:both\";><\/div><\/p>\n<p>(ITALPRESS).<\/p><\/div>\n","protected":false},"excerpt":{"rendered":"<p>ROMA (ITALPRESS) &#8211; &#8220;Questo \u00e8 un orrore senza fine, di fronte al quale non basta condannare e deprecare. Cos\u00ec come non basta pi\u00f9 davanti all&#8217;uccisione da parte dell&#8217;esercito israeliano di operatori umanitari di WCK. Serve giustizia, punendo chi ha commesso questo crimine di guerra e serve fermare questo massacro dando seguito a quello che ha [&hellip;]<\/p>\n","protected":false},"author":18,"featured_media":193132,"comment_status":"closed","ping_status":"closed","sticky":false,"template":"","format":"standard","meta":{"ub_ctt_via":"","_mi_skip_tracking":false},"categories":[446,4],"tags":[783],"featured_image_src":"https:\/\/www.messinaoggi.it\/website\/wp-content\/uploads\/2024\/04\/20240402_2053.jpg","author_info":{"display_name":"Admin","author_link":"https:\/\/www.messinaoggi.it\/website\/author\/admin\/"},"digistream_id":0,"digistream":false,"_links":{"self":[{"href":"https:\/\/www.messinaoggi.it\/website\/wp-json\/wp\/v2\/posts\/193131"}],"collection":[{"href":"https:\/\/www.messinaoggi.it\/website\/wp-json\/wp\/v2\/posts"}],"about":[{"href":"https:\/\/www.messinaoggi.it\/website\/wp-json\/wp\/v2\/types\/post"}],"author":[{"embeddable":true,"href":"https:\/\/www.messinaoggi.it\/website\/wp-json\/wp\/v2\/users\/18"}],"replies":[{"embeddable":true,"href":"https:\/\/www.messinaoggi.it\/website\/wp-json\/wp\/v2\/comments?post=193131"}],"version-history":[{"count":1,"href":"https:\/\/www.messinaoggi.it\/website\/wp-json\/wp\/v2\/posts\/193131\/revisions"}],"predecessor-version":[{"id":193142,"href":"https:\/\/www.messinaoggi.it\/website\/wp-json\/wp\/v2\/posts\/193131\/revisions\/193142"}],"wp:featuredmedia":[{"embeddable":true,"href":"https:\/\/www.messinaoggi.it\/website\/wp-json\/wp\/v2\/media\/193132"}],"wp:attachment":[{"href":"https:\/\/www.messinaoggi.it\/website\/wp-json\/wp\/v2\/media?parent=193131"}],"wp:term":[{"taxonomy":"category","embeddable":true,"href":"https:\/\/www.messinaoggi.it\/website\/wp-json\/wp\/v2\/categories?post=193131"},{"taxonomy":"post_tag","embeddable":true,"href":"https:\/\/www.messinaoggi.it\/website\/wp-json\/wp\/v2\/tags?post=193131"}],"curies":[{"name":"wp","href":"https:\/\/api.w.org\/{rel}","templated":true}]}}