{"id":193127,"date":"2024-04-03T00:08:14","date_gmt":"2024-04-02T22:08:14","guid":{"rendered":"https:\/\/www.messinaoggi.it\/website\/2024\/04\/02\/conte-il-premierato-portera-totale-squilibrio\/"},"modified":"2024-04-03T09:51:06","modified_gmt":"2024-04-03T07:51:06","slug":"conte-il-premierato-portera-totale-squilibrio","status":"publish","type":"post","link":"https:\/\/www.messinaoggi.it\/website\/2024\/04\/03\/conte-il-premierato-portera-totale-squilibrio\/","title":{"rendered":"Conte \u201cIl premierato porter\u00e0 totale squilibrio\u201d"},"content":{"rendered":"<div>ROMA (ITALPRESS) &#8211; &#8220;Stiamo andando verso una prospettiva che non ci porter\u00e0 stabilit\u00e0, ma solo maggiori poteri al presidente del Consiglio&#8221;. Lo ha detto il presidente del Movimento 5 Stelle, Giuseppe Conte, a &#8220;Cinque minuti&#8221;, in onda questa sera su Raiuno, rispondendo a una domanda sul premierato. &#8220;Il risultato sar\u00e0 un totale squilibrio: avremo un presidente della Repubblica che sar\u00e0 un passacarte, un cerimoniere&#8221;, mentre &#8220;il Parlamento sar\u00e0 assoggettato al premier, perch\u00e8 \u00e8 chiaro che se stanno insieme, cadono insieme e sar\u00e0 il premier ad esercitare un potere di ricatto sul Parlamento. Stiamo andando verso una soluzione che non c&#8217;\u00e8 in nessun altro Paese al mondo: ci sar\u00e0 una ragione?&#8221;, si chiede Conte.<div id=\"div-gpt-ad-Messinaoggi.it-DSK-300x250-corpoart\" style=\"text-align:center;margin:0 auto;\"><\/div><\/p>\n<p>&#8211; Foto: Agenzia Fotogramma &#8211;<div id=\"videoincontent\" style=\"clear:both\";><\/div><\/p>\n<p>(ITALPRESS).<\/p><\/div>\n","protected":false},"excerpt":{"rendered":"<p>ROMA (ITALPRESS) &#8211; &#8220;Stiamo andando verso una prospettiva che non ci porter\u00e0 stabilit\u00e0, ma solo maggiori poteri al presidente del Consiglio&#8221;. Lo ha detto il presidente del Movimento 5 Stelle, Giuseppe Conte, a &#8220;Cinque minuti&#8221;, in onda questa sera su Raiuno, rispondendo a una domanda sul premierato. &#8220;Il risultato sar\u00e0 un totale squilibrio: avremo un [&hellip;]<\/p>\n","protected":false},"author":18,"featured_media":193128,"comment_status":"closed","ping_status":"closed","sticky":false,"template":"","format":"standard","meta":{"ub_ctt_via":"","_mi_skip_tracking":false},"categories":[446,4],"tags":[783],"featured_image_src":"https:\/\/www.messinaoggi.it\/website\/wp-content\/uploads\/2024\/04\/20240402_1986.jpg","author_info":{"display_name":"Admin","author_link":"https:\/\/www.messinaoggi.it\/website\/author\/admin\/"},"digistream_id":0,"digistream":false,"_links":{"self":[{"href":"https:\/\/www.messinaoggi.it\/website\/wp-json\/wp\/v2\/posts\/193127"}],"collection":[{"href":"https:\/\/www.messinaoggi.it\/website\/wp-json\/wp\/v2\/posts"}],"about":[{"href":"https:\/\/www.messinaoggi.it\/website\/wp-json\/wp\/v2\/types\/post"}],"author":[{"embeddable":true,"href":"https:\/\/www.messinaoggi.it\/website\/wp-json\/wp\/v2\/users\/18"}],"replies":[{"embeddable":true,"href":"https:\/\/www.messinaoggi.it\/website\/wp-json\/wp\/v2\/comments?post=193127"}],"version-history":[{"count":1,"href":"https:\/\/www.messinaoggi.it\/website\/wp-json\/wp\/v2\/posts\/193127\/revisions"}],"predecessor-version":[{"id":193143,"href":"https:\/\/www.messinaoggi.it\/website\/wp-json\/wp\/v2\/posts\/193127\/revisions\/193143"}],"wp:featuredmedia":[{"embeddable":true,"href":"https:\/\/www.messinaoggi.it\/website\/wp-json\/wp\/v2\/media\/193128"}],"wp:attachment":[{"href":"https:\/\/www.messinaoggi.it\/website\/wp-json\/wp\/v2\/media?parent=193127"}],"wp:term":[{"taxonomy":"category","embeddable":true,"href":"https:\/\/www.messinaoggi.it\/website\/wp-json\/wp\/v2\/categories?post=193127"},{"taxonomy":"post_tag","embeddable":true,"href":"https:\/\/www.messinaoggi.it\/website\/wp-json\/wp\/v2\/tags?post=193127"}],"curies":[{"name":"wp","href":"https:\/\/api.w.org\/{rel}","templated":true}]}}