{"id":193095,"date":"2024-04-02T19:08:02","date_gmt":"2024-04-02T17:08:02","guid":{"rendered":"https:\/\/www.messinaoggi.it\/website\/2024\/04\/02\/autismo-con-aita-lo-sport-al-centro-dellinclusione-sociale\/"},"modified":"2024-04-02T19:08:02","modified_gmt":"2024-04-02T17:08:02","slug":"autismo-con-aita-lo-sport-al-centro-dellinclusione-sociale","status":"publish","type":"post","link":"https:\/\/www.messinaoggi.it\/website\/2024\/04\/02\/autismo-con-aita-lo-sport-al-centro-dellinclusione-sociale\/","title":{"rendered":"Autismo, con Aita lo sport al centro dell\u2019inclusione sociale"},"content":{"rendered":"<div>ROMA (ITALPRESS) &#8211; Lo sport per vincere la sfida dell&#8217;inclusione: \u00e8 il tema al centro del convegno &#8220;Sport e autismo, l&#8217;inclusione viaggia veloce verso Parigi 2024&#8221;. In occasione della Giornata Mondiale per la Consapevolezza sull&#8217;Autismo, professionisti ed esperti del settore si sono confrontati al Coni sul rapporto tra sport e autismo. <br \/>&#8220;La sensibilizzazione \u00e8 fondamentale, oggi celebriamo la Giornata mondiale della consapevolezza dell&#8217;autismo attraverso un tema, che \u00e8 quello dello sport, sport come veicolo di reale inclusione. Penso che la demedicalizzazione, attivit\u00e0 inclusive, siano la base per un progetto di reale inclusione. Non solo attraverso le terapie ma anche attraverso altre attivit\u00e0 ludico, sportive, ricreative, noi possiamo ottenere dei risultati importanti&#8221;, ha detto Luigi Mazzone, direttore di Neuropsichiatria infantile dell&#8217;Universit\u00e0 Tor Vergata di Roma e presidente del Progetto Aita. <br \/>&#8220;Con il progetto Aita onlus da anni abbiamo organizzato progetti sportivi in pi\u00f9 citt\u00e0 italiane. Penso ai Summer camp ma anche altri progetti in cui vengono coniugati diversi sport, per esempio scherma e altre discipline. Lo sport pu\u00f2 aiutare una reale inclusione&#8221;, ha aggiunto Mazzone.<br \/>Al centro del convegno un focus su tematiche come autismo in et\u00e0 adulta, autonomia e qualit\u00e0 della vita.<br \/>&#8220;Come prima cosa, \u00e8 importante sottolineare come l&#8217;autismo non sia necessariamente una malattia e che ogni persona autistica \u00e8 unica, irripetibile proprio come qualunque persona. Accogliere la diversit\u00e0, cos\u00ec come creare luoghi e contesti di incontro \u00e8 fondamentale per promuovere la crescita di tutti che siano neurotipici o meno&#8221; ha commentato Stefano Vicari, professore dell&#8217;Universit\u00e0 Cattolica, Ospedale Pediatrico Bambino Ges\u00f9 di Roma.<br \/>&#8220;In questo senso, lo sport pu\u00f2 essere un potente veicolo per favorire l&#8217;inclusione: attraverso l&#8217;attivit\u00e0 fisica, si sviluppano abilit\u00e0 sociali, si migliorano le relazioni e si creano legami tra persone con e senza autismo. Con questa nostra iniziativa vogliamo avvicinare il mondo dello sport all&#8217;autismo convinti che questa azione rappresenti un&#8217;opportunit\u00e0 formidabile per i nostri ragazzi e per l&#8217;intera societ\u00e0 civile&#8221;.<br \/>Alla realizzazione del convegno hanno collaborato la Neuropsichiatria Infantile dell&#8217;Universit\u00e0 degli Studi di Roma Tor Vergata, la Neuropsichiatria dell&#8217;Infanzia e dell&#8217;Adolescenza dell&#8217;Ospedale Pediatrico Bambino Ges\u00f9 e l&#8217;Osservatorio Nazionale Autismo. <br \/>Le iniziative hanno avuto i patrocini e sono supportati da tanti enti, tra i quali Regione Lazio, Comune di Roma, Citt\u00e0 Metropolitana, Coni e Cip, Anffas, Angsa Lazio, Universit\u00e0 Cattolica del Sacro Cuore, Universit\u00e0 Degli Studi di Roma Tor Vergata, Accademia Scherma Lia, diverse fondazioni ed associazioni.<br \/>&#8220;La diversit\u00e0 \u00e8 il nostro punto di forza e la nostra ricchezza. In occasione della giornata mondiale sull&#8217;autismo, riaffermiamo il nostro impegno a promuovere l&#8217;inclusione, la consapevolezza e il supporto per le persone autistiche. Siamo tutti protagonisti nella costruzione di una societ\u00e0 pi\u00f9 empatica e accogliente per ogni individuo &#8211; ha ricordato Massimiliano Maselli, assessore all&#8217;Inclusione sociale e Servizi alla persona della Regione Lazio &#8211; le istituzioni devono sempre di pi\u00f9 migliorare gli interventi per riuscire ad affrontare al meglio questa disabilit\u00e0, la regione Lazio ha molta strada da fare ma siamo al lavoro per redigere il primo piano regionale sull&#8217;autismo, fino ad oggi al di l\u00e0 delle buone azioni non si \u00e8 lavorato con un piano organico, a breve, entro l&#8217;eatate sar\u00e0 pronto&#8221;. Il Progetto Aita Onlus ha promosso una cena di gala con un unico grande obiettivo sullo sfondo: fare squadra, insieme.<br \/>Tra i presenti, oltre a Giovanni Malag\u00f2 (presidente del Coni), Luca Pancalli (presidente Cip) e Marco Mezzaroma (presidente Sport e Salute), anche altri rappresentanti delle istituzioni, come il ministro per lo sport e i giovani Andrea Abodi e il ministro della Salute Orazio Schillaci. Nel corso della serata sar\u00e0 presentato il progetto &#8220;Lo sport e l&#8217;inclusione volano a Parigi2024&#8221;.<br \/>Un progetto che nasce sulla scia dell&#8217;esperienza di successo dell&#8217;agosto 2016 per i Giochi di Rio, quando grazie alla collaborazione tra Fondazione Bambino Ges\u00f9 e Accademia Scherma Lia di Roma, e con l&#8217;aiuto di Coni e Casa Italia, 8 ragazzi provarono l&#8217;esperienza unica e speciale di vivere il sogno olimpico a stretto contatto con atleti e delegazioni.<br \/>Con una formula leggermente diversa e durante le prossime Olimpiadi di &#8220;Parigi2024&#8221; verr\u00e0 promossa un&#8217;altra esperienza unica.<br \/>&#8220;Oggi \u00e8 una giornata importante, non perch\u00e8 si parla di un tema come l&#8217;autismo: quello che abbiamo provato a fare \u00e8 mettere insieme e fare  sistema, mettere insieme il mondo dello sport, delle associazioni, della politica, delle istituzioni perch\u00e8 fare squadra porta a risultati maggiori &#8211; le parole di Marco Fichera, organizzatore del progetto -. Insieme si va lontano. Portare oggi oltre 400 persone a discutere e interfacciarsi, a raccontare che un mondo diverso, un p\u00f2 pi\u00f9 inclusivo, con meno barriere sia possibile e fondamentale. Questa giornata non deve essere il traguardo, ma un punto di partenza di un nuovo percorso in cui le tutti dovremo giocare nella stessa squadra&#8221;.<br \/>Claudia Giordani, vicepresidente del Coni ha spiegato che: &#8220;Vita e inclusione sono dei concetti che fanno parte del DNA dello sport, \u00e8 quasi naturale trovarsi insieme per celebrare questa giornata, ma soprattutto per ribadire quanto lo stare insieme, l&#8217;essere uniti verso gli stessi obiettivi pu\u00f2 rendere ogni progetto fattibile. Questo \u00e8 un luogo dove si respira l&#8217;azzurro, il colore dell&#8217;Italia, e il blu che riflette lo spirito di questa giornata. Insieme \u00e8 pi\u00f9 facile, insieme \u00e8 la parola che \u00e8 stata aggiunta al motto olimpico, insieme \u00e8 la magia che si sprigiona durante i giochi olimpici, insieme \u00e8 un messaggio potentissimo. Per il Coni \u00e8 un grande orgoglio poter essere al vostro fianco&#8221;.<br \/>Per l&#8217;occasione Palazzo H si tinger\u00e0 di blu, colore simbolico per l&#8217;autismo.<div id=\"div-gpt-ad-Messinaoggi.it-DSK-300x250-corpoart\" style=\"text-align:center;margin:0 auto;\"><\/div><\/p>\n<p>&#8211; foto xc3\/Italpress &#8211;<br \/>(ITALPRESS).<\/div>\n<div id=\"videoincontent\" style=\"clear:both\";><\/div>","protected":false},"excerpt":{"rendered":"<p>ROMA (ITALPRESS) &#8211; Lo sport per vincere la sfida dell&#8217;inclusione: \u00e8 il tema al centro del convegno &#8220;Sport e autismo, l&#8217;inclusione viaggia veloce verso Parigi 2024&#8221;. In occasione della Giornata Mondiale per la Consapevolezza sull&#8217;Autismo, professionisti ed esperti del settore si sono confrontati al Coni sul rapporto tra sport e autismo. &#8220;La sensibilizzazione \u00e8 fondamentale, [&hellip;]<\/p>\n","protected":false},"author":18,"featured_media":193096,"comment_status":"closed","ping_status":"closed","sticky":false,"template":"","format":"standard","meta":{"ub_ctt_via":"","_mi_skip_tracking":false},"categories":[446],"tags":[783],"featured_image_src":"https:\/\/www.messinaoggi.it\/website\/wp-content\/uploads\/2024\/04\/20240402_1533.jpg","author_info":{"display_name":"Admin","author_link":"https:\/\/www.messinaoggi.it\/website\/author\/admin\/"},"digistream_id":0,"digistream":false,"_links":{"self":[{"href":"https:\/\/www.messinaoggi.it\/website\/wp-json\/wp\/v2\/posts\/193095"}],"collection":[{"href":"https:\/\/www.messinaoggi.it\/website\/wp-json\/wp\/v2\/posts"}],"about":[{"href":"https:\/\/www.messinaoggi.it\/website\/wp-json\/wp\/v2\/types\/post"}],"author":[{"embeddable":true,"href":"https:\/\/www.messinaoggi.it\/website\/wp-json\/wp\/v2\/users\/18"}],"replies":[{"embeddable":true,"href":"https:\/\/www.messinaoggi.it\/website\/wp-json\/wp\/v2\/comments?post=193095"}],"version-history":[{"count":0,"href":"https:\/\/www.messinaoggi.it\/website\/wp-json\/wp\/v2\/posts\/193095\/revisions"}],"wp:featuredmedia":[{"embeddable":true,"href":"https:\/\/www.messinaoggi.it\/website\/wp-json\/wp\/v2\/media\/193096"}],"wp:attachment":[{"href":"https:\/\/www.messinaoggi.it\/website\/wp-json\/wp\/v2\/media?parent=193095"}],"wp:term":[{"taxonomy":"category","embeddable":true,"href":"https:\/\/www.messinaoggi.it\/website\/wp-json\/wp\/v2\/categories?post=193095"},{"taxonomy":"post_tag","embeddable":true,"href":"https:\/\/www.messinaoggi.it\/website\/wp-json\/wp\/v2\/tags?post=193095"}],"curies":[{"name":"wp","href":"https:\/\/api.w.org\/{rel}","templated":true}]}}