{"id":193005,"date":"2024-04-01T14:08:00","date_gmt":"2024-04-01T12:08:00","guid":{"rendered":"https:\/\/www.messinaoggi.it\/website\/2024\/04\/01\/papa-il-dono-della-pace-giunga-alle-popolazioni-stremate-da-guerra-e-fame\/"},"modified":"2024-04-01T14:08:00","modified_gmt":"2024-04-01T12:08:00","slug":"papa-il-dono-della-pace-giunga-alle-popolazioni-stremate-da-guerra-e-fame","status":"publish","type":"post","link":"https:\/\/www.messinaoggi.it\/website\/2024\/04\/01\/papa-il-dono-della-pace-giunga-alle-popolazioni-stremate-da-guerra-e-fame\/","title":{"rendered":"Papa \u201cIl dono della pace giunga alle popolazioni stremate da guerra e fame\u201d"},"content":{"rendered":"<div>ROMA (ITALPRESS) &#8211; &#8220;Condividere la gioia \u00e8 un&#8217;esperienza meravigliosa, che impariamo fin da piccoli: pensiamo a un ragazzo che prende un bel voto a scuola e non vede l&#8217;ora di mostrarlo ai genitori, o a un giovane che raggiunge i primi successi sportivi, o a una famiglia in cui nasce un bambino. Proviamo a ricordare, ciascuno di noi, un momento tanto felice che era persino difficile esprimerlo a parole, ma che abbiamo desiderato raccontare subito a tutti!&#8221;. Lo ha detto Papa Francesco, in occasione della recita del Regina Caeli con i fedeli riuniti in Piazza San Pietro. <br \/>&#8220;Non rinunciamo alla gioia della Pasqua!- aggiunge &#8211; la gioia, quando si condivide, aumenta&#8221;. <br \/>&#8220;Rinnovo a tutti gli auguri pasquali &#8211; prosegue &#8211; e ringrazio di cuore coloro che in diversi modi mi hanno inviato messaggi di vicinanza e di preghiera. A queste persone, famiglie, comunit\u00e0 giunga il dono della pace del Signore risorto &#8211; ha aggiunto il Pontefice -. E vorrei che questo dono della pace arrivasse l\u00e0 dove pi\u00f9 ce n&#8217;\u00e8 bisogno: alle popolazioni stremate dalla guerra, dalla fame, da ogni forma di oppressione&#8221;.<br \/>-foto Agenzia Fotogramma-<br \/>(ITALPRESS).<\/div>\n<div id=\"div-gpt-ad-Messinaoggi.it-DSK-300x250-corpoart\" style=\"text-align:center;margin:0 auto;\"><\/div><\/p><div id=\"videoincontent\" style=\"clear:both\";><\/div>","protected":false},"excerpt":{"rendered":"<p>ROMA (ITALPRESS) &#8211; &#8220;Condividere la gioia \u00e8 un&#8217;esperienza meravigliosa, che impariamo fin da piccoli: pensiamo a un ragazzo che prende un bel voto a scuola e non vede l&#8217;ora di mostrarlo ai genitori, o a un giovane che raggiunge i primi successi sportivi, o a una famiglia in cui nasce un bambino. Proviamo a ricordare, [&hellip;]<\/p>\n","protected":false},"author":18,"featured_media":193006,"comment_status":"closed","ping_status":"closed","sticky":false,"template":"","format":"standard","meta":{"ub_ctt_via":"","_mi_skip_tracking":false},"categories":[446],"tags":[783],"featured_image_src":"https:\/\/www.messinaoggi.it\/website\/wp-content\/uploads\/2024\/04\/20240401_0299.jpg","author_info":{"display_name":"Admin","author_link":"https:\/\/www.messinaoggi.it\/website\/author\/admin\/"},"digistream_id":0,"digistream":false,"_links":{"self":[{"href":"https:\/\/www.messinaoggi.it\/website\/wp-json\/wp\/v2\/posts\/193005"}],"collection":[{"href":"https:\/\/www.messinaoggi.it\/website\/wp-json\/wp\/v2\/posts"}],"about":[{"href":"https:\/\/www.messinaoggi.it\/website\/wp-json\/wp\/v2\/types\/post"}],"author":[{"embeddable":true,"href":"https:\/\/www.messinaoggi.it\/website\/wp-json\/wp\/v2\/users\/18"}],"replies":[{"embeddable":true,"href":"https:\/\/www.messinaoggi.it\/website\/wp-json\/wp\/v2\/comments?post=193005"}],"version-history":[{"count":0,"href":"https:\/\/www.messinaoggi.it\/website\/wp-json\/wp\/v2\/posts\/193005\/revisions"}],"wp:featuredmedia":[{"embeddable":true,"href":"https:\/\/www.messinaoggi.it\/website\/wp-json\/wp\/v2\/media\/193006"}],"wp:attachment":[{"href":"https:\/\/www.messinaoggi.it\/website\/wp-json\/wp\/v2\/media?parent=193005"}],"wp:term":[{"taxonomy":"category","embeddable":true,"href":"https:\/\/www.messinaoggi.it\/website\/wp-json\/wp\/v2\/categories?post=193005"},{"taxonomy":"post_tag","embeddable":true,"href":"https:\/\/www.messinaoggi.it\/website\/wp-json\/wp\/v2\/tags?post=193005"}],"curies":[{"name":"wp","href":"https:\/\/api.w.org\/{rel}","templated":true}]}}