{"id":192988,"date":"2024-03-31T00:08:02","date_gmt":"2024-03-30T23:08:02","guid":{"rendered":"https:\/\/www.messinaoggi.it\/website\/2024\/03\/31\/papa-francesco-aneliti-di-pace-spezzati-dalla-crudelta-dellodio\/"},"modified":"2024-03-31T00:08:02","modified_gmt":"2024-03-30T23:08:02","slug":"papa-francesco-aneliti-di-pace-spezzati-dalla-crudelta-dellodio","status":"publish","type":"post","link":"https:\/\/www.messinaoggi.it\/website\/2024\/03\/31\/papa-francesco-aneliti-di-pace-spezzati-dalla-crudelta-dellodio\/","title":{"rendered":"Papa Francesco \u201cAneliti di pace spezzati dalla crudelt\u00e0 dell\u2019odio\u201d"},"content":{"rendered":"<div>ROMA (ITALPRESS) &#8211; Papa Francesco ha presieduto la Veglia pasquale nella Basilica di San Pietro. Il Santo Padre, che \u00e8 arrivato in sedia a rotelle, ha ricordato come a volte &#8220;sentiamo che una pietra tombale \u00e8 stata pesantemente poggiata all&#8217;ingresso del nostro cuore, soffocando la vita, spegnendo la fiducia, imprigionandoci nel sepolcro delle paure e delle amarezze, bloccando la via verso la gioia e la speranza&#8221; dice Papa Bergoglio che ha sottolineato come si tratti di &#8220;macigni della morte&#8221; che si incontrano lungo il proprio cammino. &#8220;Li troviamo in tutte le chiusure che frenano i nostri slanci di generosit\u00e0 e non ci permettono di aprirci all&#8217;amore; li troviamo nei muri di gomma dell&#8217;egoismo e dell&#8217;indifferenza, che respingono l&#8217;impegno a costruire citt\u00e0 e societ\u00e0 pi\u00f9 giuste e a misura d&#8217;uomo; li troviamo in tutti gli aneliti di pace spezzati dalla crudelt\u00e0 dell&#8217;odio e dalla ferocia della guerra&#8221;.<div id=\"div-gpt-ad-Messinaoggi.it-DSK-300x250-corpoart\" style=\"text-align:center;margin:0 auto;\"><\/div><\/p>\n<p>foto: Agenzia Fotogramma<div id=\"videoincontent\" style=\"clear:both\";><\/div><\/p>\n<p>(ITALPRESS).<\/p><\/div>\n","protected":false},"excerpt":{"rendered":"<p>ROMA (ITALPRESS) &#8211; Papa Francesco ha presieduto la Veglia pasquale nella Basilica di San Pietro. Il Santo Padre, che \u00e8 arrivato in sedia a rotelle, ha ricordato come a volte &#8220;sentiamo che una pietra tombale \u00e8 stata pesantemente poggiata all&#8217;ingresso del nostro cuore, soffocando la vita, spegnendo la fiducia, imprigionandoci nel sepolcro delle paure e [&hellip;]<\/p>\n","protected":false},"author":18,"featured_media":192989,"comment_status":"closed","ping_status":"closed","sticky":false,"template":"","format":"standard","meta":{"ub_ctt_via":"","_mi_skip_tracking":false},"categories":[446],"tags":[783],"featured_image_src":"https:\/\/www.messinaoggi.it\/website\/wp-content\/uploads\/2024\/03\/20240330_1725.jpg","author_info":{"display_name":"Admin","author_link":"https:\/\/www.messinaoggi.it\/website\/author\/admin\/"},"digistream_id":0,"digistream":false,"_links":{"self":[{"href":"https:\/\/www.messinaoggi.it\/website\/wp-json\/wp\/v2\/posts\/192988"}],"collection":[{"href":"https:\/\/www.messinaoggi.it\/website\/wp-json\/wp\/v2\/posts"}],"about":[{"href":"https:\/\/www.messinaoggi.it\/website\/wp-json\/wp\/v2\/types\/post"}],"author":[{"embeddable":true,"href":"https:\/\/www.messinaoggi.it\/website\/wp-json\/wp\/v2\/users\/18"}],"replies":[{"embeddable":true,"href":"https:\/\/www.messinaoggi.it\/website\/wp-json\/wp\/v2\/comments?post=192988"}],"version-history":[{"count":0,"href":"https:\/\/www.messinaoggi.it\/website\/wp-json\/wp\/v2\/posts\/192988\/revisions"}],"wp:featuredmedia":[{"embeddable":true,"href":"https:\/\/www.messinaoggi.it\/website\/wp-json\/wp\/v2\/media\/192989"}],"wp:attachment":[{"href":"https:\/\/www.messinaoggi.it\/website\/wp-json\/wp\/v2\/media?parent=192988"}],"wp:term":[{"taxonomy":"category","embeddable":true,"href":"https:\/\/www.messinaoggi.it\/website\/wp-json\/wp\/v2\/categories?post=192988"},{"taxonomy":"post_tag","embeddable":true,"href":"https:\/\/www.messinaoggi.it\/website\/wp-json\/wp\/v2\/tags?post=192988"}],"curies":[{"name":"wp","href":"https:\/\/api.w.org\/{rel}","templated":true}]}}