{"id":19298,"date":"2018-05-13T07:17:06","date_gmt":"2018-05-13T05:17:06","guid":{"rendered":"http:\/\/www.messinaoggi.it\/website\/?p=19298"},"modified":"2018-05-13T07:17:06","modified_gmt":"2018-05-13T05:17:06","slug":"verso-il-voto-sceglime-di-tiano-arricchisce-la-lista-insieme-per-messina","status":"publish","type":"post","link":"https:\/\/www.messinaoggi.it\/website\/2018\/05\/13\/verso-il-voto-sceglime-di-tiano-arricchisce-la-lista-insieme-per-messina\/","title":{"rendered":"Verso il voto, ScegliMe di Tiano arricchisce la lista Insieme per Messina"},"content":{"rendered":"<div class=\"xam_msg_class\">\n<div dir=\"ltr\">\n<p class=\"gmail-MsoNoSpacing\" style=\"text-align: justify;\">#ScegliMe, la lista civica coordinata da Franco Tiano arricchisce e contribuisce al progetto della lista \u201cInsieme per Messina\u201d, la civica che fa riferimento al parlamentare di Forza Italia Nino German\u00e0. Le due liste hanno infatti trovato intesa su idee e programmi e guardano dalla medesima prospettiva i problemi della citt\u00e0. Da qui la decisione di unire le forze per contribuire in modo sempre pi\u00f9 incisivo alle problematiche che riguardano Messina. #scegliMe sar\u00e0 quindi presente con i suoi candidati all\u2019interno della lista \u201cInsieme per Messina\u201d con un unico simbolo, una decisione dettata dalla volont\u00e0 di dare vita ad un progetto che guarda avanti nel tempo ben oltre le imminenti elezioni amministrative.<div id=\"div-gpt-ad-Messinaoggi.it-DSK-300x250-corpoart\" style=\"text-align:center;margin:0 auto;\"><\/div><\/p>\n<p class=\"gmail-MsoNoSpacing\" style=\"text-align: justify;\">\u201cInsieme a Nino German\u00e0 \u2013 dichiara Franco Tiano &#8211; condividiamo un ricco bagaglio di esperienze, forgiato da anni di coerente servizio politico sul territorio per la comunita&#8217;. <a class=\"matchTooltip\">Oggi<\/a> uniamo le forze per affermare valori e progetti per Messina. La nostra scelta e&#8217; ponderata e sono convinto che non potr\u00e0 che essere utile a rafforzare il percorso del candidato Sindaco Dino Bramanti. Consapevoli di essere tutti parte della medesima societa&#8217; civile che deve crescere e consolidarsi come in questo nostro progetto, invitiamo gli amici ed i nostri sostenitori che ci hanno seguito nella rappresentazione del programma politico per la citta&#8217;, di continuare a sostenerci\u201d.<div id=\"videoincontent\" style=\"clear:both\";><\/div><\/p>\n<p class=\"gmail-MsoNoSpacing\" style=\"text-align: justify;\">Soddisfatto dell\u2019unione anche il deputato Nino German\u00e0 che commenta: \u201cCon l\u2019amico Franco Tiano e con quanti della sua lista hanno deciso di unirsi a noi in un progetto politico che guarda alla crescita ed allo sviluppo della citt\u00e0, iniziamo un importante percorso a sostegno del candidato sindaco Dino Bramanti. Insieme per Messina \u00e8 pronta a dare il suo determinante contributo ad un\u2019ampia coalizione che vuol dare a Messina un\u2019amministrazione finalmente in grado di rispondere alle esigenze dei cittadini e di dimostrare capacit\u00e0, competenza ed efficienza\u201d.<\/p>\n<\/div>\n<\/div>\n<p> <\/p>\n","protected":false},"excerpt":{"rendered":"<p>#ScegliMe, la lista civica coordinata da Franco Tiano arricchisce e contribuisce al progetto della lista \u201cInsieme per Messina\u201d, la civica che fa riferimento al parlamentare di Forza Italia Nino German\u00e0. Le due liste hanno infatti trovato intesa su idee e programmi e guardano dalla medesima prospettiva i problemi della citt\u00e0. Da qui la decisione di [&hellip;]<\/p>\n","protected":false},"author":15,"featured_media":19299,"comment_status":"closed","ping_status":"open","sticky":false,"template":"","format":"standard","meta":{"ub_ctt_via":"","_mi_skip_tracking":false},"categories":[4],"tags":[],"featured_image_src":"https:\/\/www.messinaoggi.it\/website\/wp-content\/uploads\/2018\/05\/IMG-20180512-WA0033-1.jpg","author_info":{"display_name":"red.me","author_link":"https:\/\/www.messinaoggi.it\/website\/author\/red-me\/"},"digistream_id":0,"digistream":false,"_links":{"self":[{"href":"https:\/\/www.messinaoggi.it\/website\/wp-json\/wp\/v2\/posts\/19298"}],"collection":[{"href":"https:\/\/www.messinaoggi.it\/website\/wp-json\/wp\/v2\/posts"}],"about":[{"href":"https:\/\/www.messinaoggi.it\/website\/wp-json\/wp\/v2\/types\/post"}],"author":[{"embeddable":true,"href":"https:\/\/www.messinaoggi.it\/website\/wp-json\/wp\/v2\/users\/15"}],"replies":[{"embeddable":true,"href":"https:\/\/www.messinaoggi.it\/website\/wp-json\/wp\/v2\/comments?post=19298"}],"version-history":[{"count":0,"href":"https:\/\/www.messinaoggi.it\/website\/wp-json\/wp\/v2\/posts\/19298\/revisions"}],"wp:featuredmedia":[{"embeddable":true,"href":"https:\/\/www.messinaoggi.it\/website\/wp-json\/wp\/v2\/media\/19299"}],"wp:attachment":[{"href":"https:\/\/www.messinaoggi.it\/website\/wp-json\/wp\/v2\/media?parent=19298"}],"wp:term":[{"taxonomy":"category","embeddable":true,"href":"https:\/\/www.messinaoggi.it\/website\/wp-json\/wp\/v2\/categories?post=19298"},{"taxonomy":"post_tag","embeddable":true,"href":"https:\/\/www.messinaoggi.it\/website\/wp-json\/wp\/v2\/tags?post=19298"}],"curies":[{"name":"wp","href":"https:\/\/api.w.org\/{rel}","templated":true}]}}