{"id":192973,"date":"2024-03-30T16:08:00","date_gmt":"2024-03-30T15:08:00","guid":{"rendered":"https:\/\/www.messinaoggi.it\/website\/2024\/03\/30\/foibe-meloni-20-anni-fa-legge-che-ha-spezzato-congiura-del-silenzio\/"},"modified":"2024-03-30T16:08:00","modified_gmt":"2024-03-30T15:08:00","slug":"foibe-meloni-20-anni-fa-legge-che-ha-spezzato-congiura-del-silenzio","status":"publish","type":"post","link":"https:\/\/www.messinaoggi.it\/website\/2024\/03\/30\/foibe-meloni-20-anni-fa-legge-che-ha-spezzato-congiura-del-silenzio\/","title":{"rendered":"Foibe, Meloni \u201c20 anni fa legge che ha spezzato congiura del silenzio\u201d"},"content":{"rendered":"<div>ROMA (ITALPRESS) &#8211; &#8220;Oggi celebriamo il ventesimo anniversario della legge n. 92 del 30 marzo 2004, che ha istituito il Giorno del Ricordo dei martiri delle foibe e dell&#8217;esodo giuliano-dalmata. Una legge spartiacque, che ha permesso di scrivere pagine di storia che non erano mai state scritte e che ha spezzato quella congiura del silenzio che, per decenni, ha avvolto la tragedia delle foibe e il dramma dell&#8217;esodo nell&#8217;oblio e nell&#8217;indifferenza&#8221;. Lo afferma in una nota il presidente del Consiglio, Giorgia Meloni, in occasione del 20\u00b0 anniversario della legge 92\/2004.<br \/>&#8220;Grazie a questa legge, che di recente il Parlamento ha ulteriormente rafforzato e implementato, il ricordo di quella tragedia \u00e8 diventato patrimonio di tutti e ha reso vano ogni tentativo negazionista o giustificazionista &#8211; aggiunge -. Quello di oggi \u00e8 un anniversario nazionale che il Governo ha omaggiato con diverse iniziative. Due particolarmente importanti: l&#8217;approvazione in Consiglio dei ministri del disegno di legge per l&#8217;istituzione del Museo nazionale del Ricordo a Roma e il &#8220;Treno del Ricordo&#8221;, un treno storico simile a quello che nel Dopoguerra ha accompagnato gli esuli nei vari campi profughi in Italia e che dal 10 al 27 febbraio scorso ha percorso un viaggio da Nord a Sud, ottenendo un grande riscontro di pubblico e superando i quindicimila visitatori nelle sue tredici tappe, da Trieste a Taranto. Il cammino del ricordo prosegue, affinch\u00e8 la memoria di ci\u00f2 che \u00e8 successo non svanisca mai e sia perpetuata nel tempo&#8221;.<div id=\"div-gpt-ad-Messinaoggi.it-DSK-300x250-corpoart\" style=\"text-align:center;margin:0 auto;\"><\/div><\/p>\n<p>&#8211; Foto: Agenzia Fotogramma &#8211;<div id=\"videoincontent\" style=\"clear:both\";><\/div><\/p>\n<p>(ITALPRESS).<\/p><\/div>\n","protected":false},"excerpt":{"rendered":"<p>ROMA (ITALPRESS) &#8211; &#8220;Oggi celebriamo il ventesimo anniversario della legge n. 92 del 30 marzo 2004, che ha istituito il Giorno del Ricordo dei martiri delle foibe e dell&#8217;esodo giuliano-dalmata. Una legge spartiacque, che ha permesso di scrivere pagine di storia che non erano mai state scritte e che ha spezzato quella congiura del silenzio [&hellip;]<\/p>\n","protected":false},"author":18,"featured_media":192974,"comment_status":"closed","ping_status":"closed","sticky":false,"template":"","format":"standard","meta":{"ub_ctt_via":"","_mi_skip_tracking":false},"categories":[446],"tags":[783],"featured_image_src":"https:\/\/www.messinaoggi.it\/website\/wp-content\/uploads\/2024\/03\/20240330_0730.jpg","author_info":{"display_name":"Admin","author_link":"https:\/\/www.messinaoggi.it\/website\/author\/admin\/"},"digistream_id":0,"digistream":false,"_links":{"self":[{"href":"https:\/\/www.messinaoggi.it\/website\/wp-json\/wp\/v2\/posts\/192973"}],"collection":[{"href":"https:\/\/www.messinaoggi.it\/website\/wp-json\/wp\/v2\/posts"}],"about":[{"href":"https:\/\/www.messinaoggi.it\/website\/wp-json\/wp\/v2\/types\/post"}],"author":[{"embeddable":true,"href":"https:\/\/www.messinaoggi.it\/website\/wp-json\/wp\/v2\/users\/18"}],"replies":[{"embeddable":true,"href":"https:\/\/www.messinaoggi.it\/website\/wp-json\/wp\/v2\/comments?post=192973"}],"version-history":[{"count":0,"href":"https:\/\/www.messinaoggi.it\/website\/wp-json\/wp\/v2\/posts\/192973\/revisions"}],"wp:featuredmedia":[{"embeddable":true,"href":"https:\/\/www.messinaoggi.it\/website\/wp-json\/wp\/v2\/media\/192974"}],"wp:attachment":[{"href":"https:\/\/www.messinaoggi.it\/website\/wp-json\/wp\/v2\/media?parent=192973"}],"wp:term":[{"taxonomy":"category","embeddable":true,"href":"https:\/\/www.messinaoggi.it\/website\/wp-json\/wp\/v2\/categories?post=192973"},{"taxonomy":"post_tag","embeddable":true,"href":"https:\/\/www.messinaoggi.it\/website\/wp-json\/wp\/v2\/tags?post=192973"}],"curies":[{"name":"wp","href":"https:\/\/api.w.org\/{rel}","templated":true}]}}