{"id":192971,"date":"2024-03-30T16:07:59","date_gmt":"2024-03-30T15:07:59","guid":{"rendered":"https:\/\/www.messinaoggi.it\/website\/2024\/03\/30\/mattarella-chiama-il-padre-di-ilaria-salis-e-gli-esprime-vicinanza\/"},"modified":"2024-03-30T16:07:59","modified_gmt":"2024-03-30T15:07:59","slug":"mattarella-chiama-il-padre-di-ilaria-salis-e-gli-esprime-vicinanza","status":"publish","type":"post","link":"https:\/\/www.messinaoggi.it\/website\/2024\/03\/30\/mattarella-chiama-il-padre-di-ilaria-salis-e-gli-esprime-vicinanza\/","title":{"rendered":"Mattarella chiama il padre di Ilaria Salis e gli esprime vicinanza"},"content":{"rendered":"<div>ROMA (ITALPRESS) &#8211; Il presidente della Repubblica Sergio Mattarella ha telefonato a Roberto Salis, padre di Ilaria, la 39enne italiana detenuta da oltre un anno a Budapest.<br \/>Secondo quanto si apprende, il presidente ha detto a Roberto Salis che sperava fossero giorni diversi e che comprende bene il suo stato d&#8217;animo, esprimendogli vicinanza.<br \/>Inoltre gli ha assicurato che far\u00e0 quanto \u00e8 nelle sue possibilit\u00e0, che non sono ampie sul piano operativo e passano attraverso il Governo.<br \/>Salis ha ringraziato molto Mattarella per la chiamata e la velocit\u00e0 del riscontro alla sua lettera, e ha spiegato che il suo intento era quello di segnalare la disparit\u00e0 di trattamento tra due cittadini italiani. Il presidente gli ha risposto che si tratta della differenza tra il nostro sistema, ispirato ai valori europei, e il sistema ungherese, e che questa disparit\u00e0 colpisce la pubblica opinione italiana.<br \/>Salis ha ringraziato e Mattarella gli ha detto che pi\u00f9 avanti si potranno risentire.<div id=\"div-gpt-ad-Messinaoggi.it-DSK-300x250-corpoart\" style=\"text-align:center;margin:0 auto;\"><\/div><\/p>\n<p>&#8211; Foto ufficio stampa Quirinale &#8211;<div id=\"videoincontent\" style=\"clear:both\";><\/div><\/p>\n<p>(ITALPRESS).<\/p><\/div>\n","protected":false},"excerpt":{"rendered":"<p>ROMA (ITALPRESS) &#8211; Il presidente della Repubblica Sergio Mattarella ha telefonato a Roberto Salis, padre di Ilaria, la 39enne italiana detenuta da oltre un anno a Budapest.Secondo quanto si apprende, il presidente ha detto a Roberto Salis che sperava fossero giorni diversi e che comprende bene il suo stato d&#8217;animo, esprimendogli vicinanza.Inoltre gli ha assicurato [&hellip;]<\/p>\n","protected":false},"author":18,"featured_media":192972,"comment_status":"closed","ping_status":"closed","sticky":false,"template":"","format":"standard","meta":{"ub_ctt_via":"","_mi_skip_tracking":false},"categories":[446],"tags":[783],"featured_image_src":"https:\/\/www.messinaoggi.it\/website\/wp-content\/uploads\/2024\/03\/20240330_0639.jpg","author_info":{"display_name":"Admin","author_link":"https:\/\/www.messinaoggi.it\/website\/author\/admin\/"},"digistream_id":0,"digistream":false,"_links":{"self":[{"href":"https:\/\/www.messinaoggi.it\/website\/wp-json\/wp\/v2\/posts\/192971"}],"collection":[{"href":"https:\/\/www.messinaoggi.it\/website\/wp-json\/wp\/v2\/posts"}],"about":[{"href":"https:\/\/www.messinaoggi.it\/website\/wp-json\/wp\/v2\/types\/post"}],"author":[{"embeddable":true,"href":"https:\/\/www.messinaoggi.it\/website\/wp-json\/wp\/v2\/users\/18"}],"replies":[{"embeddable":true,"href":"https:\/\/www.messinaoggi.it\/website\/wp-json\/wp\/v2\/comments?post=192971"}],"version-history":[{"count":0,"href":"https:\/\/www.messinaoggi.it\/website\/wp-json\/wp\/v2\/posts\/192971\/revisions"}],"wp:featuredmedia":[{"embeddable":true,"href":"https:\/\/www.messinaoggi.it\/website\/wp-json\/wp\/v2\/media\/192972"}],"wp:attachment":[{"href":"https:\/\/www.messinaoggi.it\/website\/wp-json\/wp\/v2\/media?parent=192971"}],"wp:term":[{"taxonomy":"category","embeddable":true,"href":"https:\/\/www.messinaoggi.it\/website\/wp-json\/wp\/v2\/categories?post=192971"},{"taxonomy":"post_tag","embeddable":true,"href":"https:\/\/www.messinaoggi.it\/website\/wp-json\/wp\/v2\/tags?post=192971"}],"curies":[{"name":"wp","href":"https:\/\/api.w.org\/{rel}","templated":true}]}}