{"id":192961,"date":"2024-03-30T12:08:00","date_gmt":"2024-03-30T11:08:00","guid":{"rendered":"https:\/\/www.messinaoggi.it\/website\/2024\/03\/30\/valditara-no-alle-classi-ghetto-obiettivo-ridurre-la-dispersione-scolastica\/"},"modified":"2024-03-30T12:08:00","modified_gmt":"2024-03-30T11:08:00","slug":"valditara-no-alle-classi-ghetto-obiettivo-ridurre-la-dispersione-scolastica","status":"publish","type":"post","link":"https:\/\/www.messinaoggi.it\/website\/2024\/03\/30\/valditara-no-alle-classi-ghetto-obiettivo-ridurre-la-dispersione-scolastica\/","title":{"rendered":"Valditara \u201cNo alle classi ghetto, obiettivo ridurre la dispersione scolastica\u201d"},"content":{"rendered":"<div>ROMA (ITALPRESS) &#8211; Classi a maggioranza di italiani e studio potenziato della nostra lingua per favorire l&#8217;integrazione degli studenti stranieri. &#8220;E&#8217; questa la strada per evitare la formazione di ghetti etnici che allontanano l&#8217;integrazione e favoriscono la dispersione scolastica&#8221;. Cos\u00ec, in un&#8217;intervista al QN, il ministro dell&#8217;Istruzione e del Merito, Giuseppe Valditara, all&#8217;indomani del tweet delle polemiche, in merito al tetto massimo del 20% di bambini stranieri in ogni classe proposto da Matteo Salvini. &#8220;E&#8217; alla sinistra che stanno bene le classi ghetto, non a noi&#8221;, sottolinea Valditara,, aggiungendo: &#8220;E&#8217; grave che ci siano forze politiche disinteressate a questo problema, impegnate piuttosto a fare propaganda strumentale, demagogica e mistificante. E&#8217; scandaloso che alla sinistra non interessi il fatto che l&#8217;Istat certifichi una dispersione scolastica per gli stranieri pari al 30,1% e per gli italiani pari al 9,8%. Scandaloso che alla sinistra non interessi che uno straniero abbia una percentuale di insuccesso scolastico superiore del 22% a quella di uno studente italiano e che nelle scuole delle periferie delle grandi citt\u00e0 del Nord, ad alta percentuale di stranieri, il rendimento scolastico, soprattutto in italiano e matematica, sia di molto inferiore a quello della media della Regione. La stessa scuola di Pioltello, che pure va meglio di altre, testimonia una penalizzazione notevole rispetto alla media lombarda&#8221;.<br \/>&#8220;C&#8217;\u00e8 una circolare ministeriale del 2010 che gi\u00e0 prevede il tetto del 30% al numero di alunni stranieri per classe &#8211; ricorda Valditara -. Ma il problema \u00e8 che questo tetto \u00e8 stato poco applicato&#8221;. &#8220;Occorre una pi\u00f9 equilibrata distribuzione degli studenti stranieri fra le varie classi &#8211; aggiunge -, una maggiore comunicazione fra scuole, un coordinamento degli uffici scolastici regionali e una intesa con i comuni per l&#8217;organizzazione di scuola bus&#8221;. &#8220;Tutti i bambini verranno iscritti alla medesima classe &#8211; prosegue -. Chi avr\u00e0 bisogno di rafforzare lo studio dell&#8217;italiano, perch\u00e8 completamente a digiuno della nostra lingua, seguir\u00e0 corsi di potenziamento in apposite classi ovvero, a discrezione della scuola, con lezioni pomeridiane di approfondimento. A differenza di oggi il potenziamento extracurricolare sar\u00e0 obbligatorio. Per raggiungere tale fine stiamo programmando una formazione apposita per gli insegnanti e un investimento specifico di risorse. La nostra sfida \u00e8 quella di realizzare una vera integrazione che passi anche attraverso l&#8217;assimilazione dei valori costituzionali, dei principi fondamentali della nazione italiana, perch\u00e8 gli stranieri possano sentirsi veramente italiani e come tutti gli italiani abbiano le stesse opportunit\u00e0 di successo formativo&#8221;.<br \/>&#8211; foto Agenzia Fotogramma &#8211;<br \/>(ITALPRESS).<\/div>\n<div id=\"div-gpt-ad-Messinaoggi.it-DSK-300x250-corpoart\" style=\"text-align:center;margin:0 auto;\"><\/div><\/p><div id=\"videoincontent\" style=\"clear:both\";><\/div>","protected":false},"excerpt":{"rendered":"<p>ROMA (ITALPRESS) &#8211; Classi a maggioranza di italiani e studio potenziato della nostra lingua per favorire l&#8217;integrazione degli studenti stranieri. &#8220;E&#8217; questa la strada per evitare la formazione di ghetti etnici che allontanano l&#8217;integrazione e favoriscono la dispersione scolastica&#8221;. Cos\u00ec, in un&#8217;intervista al QN, il ministro dell&#8217;Istruzione e del Merito, Giuseppe Valditara, all&#8217;indomani del tweet [&hellip;]<\/p>\n","protected":false},"author":18,"featured_media":192962,"comment_status":"closed","ping_status":"closed","sticky":false,"template":"","format":"standard","meta":{"ub_ctt_via":"","_mi_skip_tracking":false},"categories":[446],"tags":[783],"featured_image_src":"https:\/\/www.messinaoggi.it\/website\/wp-content\/uploads\/2024\/03\/20240330_0103.jpg","author_info":{"display_name":"Admin","author_link":"https:\/\/www.messinaoggi.it\/website\/author\/admin\/"},"digistream_id":0,"digistream":false,"_links":{"self":[{"href":"https:\/\/www.messinaoggi.it\/website\/wp-json\/wp\/v2\/posts\/192961"}],"collection":[{"href":"https:\/\/www.messinaoggi.it\/website\/wp-json\/wp\/v2\/posts"}],"about":[{"href":"https:\/\/www.messinaoggi.it\/website\/wp-json\/wp\/v2\/types\/post"}],"author":[{"embeddable":true,"href":"https:\/\/www.messinaoggi.it\/website\/wp-json\/wp\/v2\/users\/18"}],"replies":[{"embeddable":true,"href":"https:\/\/www.messinaoggi.it\/website\/wp-json\/wp\/v2\/comments?post=192961"}],"version-history":[{"count":0,"href":"https:\/\/www.messinaoggi.it\/website\/wp-json\/wp\/v2\/posts\/192961\/revisions"}],"wp:featuredmedia":[{"embeddable":true,"href":"https:\/\/www.messinaoggi.it\/website\/wp-json\/wp\/v2\/media\/192962"}],"wp:attachment":[{"href":"https:\/\/www.messinaoggi.it\/website\/wp-json\/wp\/v2\/media?parent=192961"}],"wp:term":[{"taxonomy":"category","embeddable":true,"href":"https:\/\/www.messinaoggi.it\/website\/wp-json\/wp\/v2\/categories?post=192961"},{"taxonomy":"post_tag","embeddable":true,"href":"https:\/\/www.messinaoggi.it\/website\/wp-json\/wp\/v2\/tags?post=192961"}],"curies":[{"name":"wp","href":"https:\/\/api.w.org\/{rel}","templated":true}]}}