{"id":192951,"date":"2024-03-30T00:08:07","date_gmt":"2024-03-29T23:08:07","guid":{"rendered":"https:\/\/www.messinaoggi.it\/website\/2024\/03\/30\/il-papa-non-partecipa-alla-via-crucis-per-conservare-la-salute\/"},"modified":"2024-03-30T00:08:07","modified_gmt":"2024-03-29T23:08:07","slug":"il-papa-non-partecipa-alla-via-crucis-per-conservare-la-salute","status":"publish","type":"post","link":"https:\/\/www.messinaoggi.it\/website\/2024\/03\/30\/il-papa-non-partecipa-alla-via-crucis-per-conservare-la-salute\/","title":{"rendered":"Il Papa non partecipa alla Via Crucis \u201cper conservare la salute\u201d"},"content":{"rendered":"<div>ROMA (ITALPRESS) &#8211; Papa Francesco non ha partecipato al Colosseo alla Via Crucis del Venerd\u00ec Santo. Il pontefice avrebbe dovuto presiedere il rito, per il quale ha scritto anche le meditazioni, dal titolo &#8220;In preghiera con Ges\u00f9 sulla via della croce&#8221;. La decisione \u00e8 stata presa &#8220;per conservare la salute in vista della Veglia di domani e della Santa Messa della domenica di Pasqua&#8221;, fanno sapere dal Vaticano. Il Papa segue la Via Crucis da Casa Santa Marta.<br \/>&#8220;Come reagisco alla follia della guerra, a volti di bimbi che non sanno pi\u00f9 sorridere, a madri che li vedono denutriti e affamati e non hanno pi\u00f9 lacrime da versare? Tu, Ges\u00f9, hai pianto su Gerusalemme, hai pianto sulla durezza del nostro cuore. Scuotimi dentro, dammi la grazia di piangere pregando e di pregare piangendo&#8221;, scrive il Pontefice nella meditazione sull&#8217;ottava stazione &#8220;Ges\u00f9 incontra le donne di Gerusalemme&#8221;.<div id=\"div-gpt-ad-Messinaoggi.it-DSK-300x250-corpoart\" style=\"text-align:center;margin:0 auto;\"><\/div><\/p>\n<p>&#8211; Foto Agenzia Fotogramma &#8211;<div id=\"videoincontent\" style=\"clear:both\";><\/div><\/p>\n<p>(ITALPRESS).<\/p><\/div>\n","protected":false},"excerpt":{"rendered":"<p>ROMA (ITALPRESS) &#8211; Papa Francesco non ha partecipato al Colosseo alla Via Crucis del Venerd\u00ec Santo. Il pontefice avrebbe dovuto presiedere il rito, per il quale ha scritto anche le meditazioni, dal titolo &#8220;In preghiera con Ges\u00f9 sulla via della croce&#8221;. La decisione \u00e8 stata presa &#8220;per conservare la salute in vista della Veglia di [&hellip;]<\/p>\n","protected":false},"author":18,"featured_media":192952,"comment_status":"closed","ping_status":"closed","sticky":false,"template":"","format":"standard","meta":{"ub_ctt_via":"","_mi_skip_tracking":false},"categories":[446],"tags":[783],"featured_image_src":"https:\/\/www.messinaoggi.it\/website\/wp-content\/uploads\/2024\/03\/20240329_2127.jpg","author_info":{"display_name":"Admin","author_link":"https:\/\/www.messinaoggi.it\/website\/author\/admin\/"},"digistream_id":0,"digistream":false,"_links":{"self":[{"href":"https:\/\/www.messinaoggi.it\/website\/wp-json\/wp\/v2\/posts\/192951"}],"collection":[{"href":"https:\/\/www.messinaoggi.it\/website\/wp-json\/wp\/v2\/posts"}],"about":[{"href":"https:\/\/www.messinaoggi.it\/website\/wp-json\/wp\/v2\/types\/post"}],"author":[{"embeddable":true,"href":"https:\/\/www.messinaoggi.it\/website\/wp-json\/wp\/v2\/users\/18"}],"replies":[{"embeddable":true,"href":"https:\/\/www.messinaoggi.it\/website\/wp-json\/wp\/v2\/comments?post=192951"}],"version-history":[{"count":0,"href":"https:\/\/www.messinaoggi.it\/website\/wp-json\/wp\/v2\/posts\/192951\/revisions"}],"wp:featuredmedia":[{"embeddable":true,"href":"https:\/\/www.messinaoggi.it\/website\/wp-json\/wp\/v2\/media\/192952"}],"wp:attachment":[{"href":"https:\/\/www.messinaoggi.it\/website\/wp-json\/wp\/v2\/media?parent=192951"}],"wp:term":[{"taxonomy":"category","embeddable":true,"href":"https:\/\/www.messinaoggi.it\/website\/wp-json\/wp\/v2\/categories?post=192951"},{"taxonomy":"post_tag","embeddable":true,"href":"https:\/\/www.messinaoggi.it\/website\/wp-json\/wp\/v2\/tags?post=192951"}],"curies":[{"name":"wp","href":"https:\/\/api.w.org\/{rel}","templated":true}]}}