{"id":192943,"date":"2024-03-29T22:08:00","date_gmt":"2024-03-29T21:08:00","guid":{"rendered":"https:\/\/www.messinaoggi.it\/website\/2024\/03\/29\/kosovo-crosetto-presenza-italiana-determinante-per-mitigare-tensioni\/"},"modified":"2024-03-29T22:08:00","modified_gmt":"2024-03-29T21:08:00","slug":"kosovo-crosetto-presenza-italiana-determinante-per-mitigare-tensioni","status":"publish","type":"post","link":"https:\/\/www.messinaoggi.it\/website\/2024\/03\/29\/kosovo-crosetto-presenza-italiana-determinante-per-mitigare-tensioni\/","title":{"rendered":"Kosovo, Crosetto \u201cPresenza italiana determinante per mitigare tensioni\u201d"},"content":{"rendered":"<div>ROMA (ITALPRESS) &#8211; Il ministro della Difesa Guido Crosetto \u00e8 stato a Pristina per trascorrere il Venerd\u00ec Santo con i militari italiani. In Kosovo, ha anche incontrato il suo omologo Ejup Maqedonci presso il ministero della Difesa.<br \/>Nel corso dell&#8217;incontro bilaterale Crosetto ha affermato che &#8220;oltre 20 anni di impegno italiano nella missione NATO KFOR per promuovere pace e stabilit\u00e0, confermano il forte legame di amicizia tra Italia e Kosovo. La nostra presenza \u00e8 determinante per mitigare le tensioni e scongiurare escalation tra le parti&#8221; aggiungendo che &#8220;La stabilit\u00e0 dei Balcani \u00e8 una priorit\u00e0 dell&#8217;Italia. Abbiamo esaminato opportunit\u00e0 di cooperazione con le Kosovo Security Forces e siamo disponibili a trovare insieme il modo per rendere la cooperazione sempre pi\u00f9 efficace&#8221;. A seguire, Crosetto ha incontrato il comandante KFOR, maggiore generale Ozkan Ulutas, presso il Quartier Generale NATO.<br \/>&#8220;L&#8217;Italia \u00e8 pronta ad assumere nuovamente il Comando della missione, un impegno fondamentale per la stabilit\u00e0 della regione e dell&#8217;intera Europa&#8221;, ha spiegato.<br \/>Successivamente, il ministro ha incontrato i militari italiani impiegati in Kosovo, occasione per portare, a nome del Governo e degli italiani, gli auguri di una Santa Pasqua.<br \/>&#8220;State contribuendo alla credibilit\u00e0 dell&#8217;Italia a livello internazionale in un momento complesso. Auguri a voi, che servite il Paese lontani da casa, e ai vostri cari a cui va il mio grazie. Gli italiani sono fieri di voi!&#8221;, ha detto Crosetto.<br \/>L&#8217;Italia \u00e8 attualmente impegnata in 39 missioni internazionali in 25 Paesi, pi\u00f9 di 12.000 i militari in operazioni fuori area e oltre 5000 in quelle nazionali. In Kosovo sono presenti circa 800 militari che operano secondo la risoluzione 1244 del 1999 del Consiglio di Sicurezza delle Nazioni Unite.<br \/>Dopo il Kosovo, il ministro Crosetto si \u00e8 recato in Macedonia per incontrare il ministro della Difesa Slavjanka Petrovska. Durante l&#8217;incontro \u00e8 stato siglato l&#8217;accordo bilaterale che sancisce l&#8217;impegno italiano per la difesa dello spazio aereo della Macedonia del Nord.<br \/>&#8220;Importante e costruttivo colloquio con la collega Slavjanka Petrov con la quale abbiamo dialogato in merito alla sicurezza del Mediterraneo e in Medio Oriente. Opportunit\u00e0 anche per siglare l&#8217;accordo per l&#8217;Air Policing che vedr\u00e0 l&#8217;Aeronautica Militare contribuire alla difesa dello spazio aereo della Macedonia del Nord, a conferma degli eccellenti rapporti trai nostri Paesi e del sostegno costante dell&#8217;Italia alla sicurezza Atlantica ed europea&#8221;, ha detto Crosetto.<br \/>Il nostro Paese garantir\u00e0 la difesa dello spazio aereo macedone insieme all&#8217;Aeronautica greca in coordinamento con l&#8217;Aeronautica militare della Repubblica della Macedonia del Nord quale parte della difesa integrata dei cieli dell&#8217;Alleanza. L&#8217;Aeronautica Militare svolge gi\u00e0 questo servizio dall&#8217;Italia per i cieli della Slovenia dal 2004, dell&#8217;Albania dal 2009 e del Montenegro, alternandosi con Grecia e Ungheria, dal 2018.<div id=\"div-gpt-ad-Messinaoggi.it-DSK-300x250-corpoart\" style=\"text-align:center;margin:0 auto;\"><\/div><\/p>\n<p>&#8211; Foto: Agenzia Fotogramma &#8211;<div id=\"videoincontent\" style=\"clear:both\";><\/div><\/p>\n<p>(ITALPRESS).<\/p><\/div>\n","protected":false},"excerpt":{"rendered":"<p>ROMA (ITALPRESS) &#8211; Il ministro della Difesa Guido Crosetto \u00e8 stato a Pristina per trascorrere il Venerd\u00ec Santo con i militari italiani. In Kosovo, ha anche incontrato il suo omologo Ejup Maqedonci presso il ministero della Difesa.Nel corso dell&#8217;incontro bilaterale Crosetto ha affermato che &#8220;oltre 20 anni di impegno italiano nella missione NATO KFOR per [&hellip;]<\/p>\n","protected":false},"author":18,"featured_media":192944,"comment_status":"closed","ping_status":"closed","sticky":false,"template":"","format":"standard","meta":{"ub_ctt_via":"","_mi_skip_tracking":false},"categories":[446],"tags":[783],"featured_image_src":"https:\/\/www.messinaoggi.it\/website\/wp-content\/uploads\/2024\/03\/20240329_2039.jpg","author_info":{"display_name":"Admin","author_link":"https:\/\/www.messinaoggi.it\/website\/author\/admin\/"},"digistream_id":0,"digistream":false,"_links":{"self":[{"href":"https:\/\/www.messinaoggi.it\/website\/wp-json\/wp\/v2\/posts\/192943"}],"collection":[{"href":"https:\/\/www.messinaoggi.it\/website\/wp-json\/wp\/v2\/posts"}],"about":[{"href":"https:\/\/www.messinaoggi.it\/website\/wp-json\/wp\/v2\/types\/post"}],"author":[{"embeddable":true,"href":"https:\/\/www.messinaoggi.it\/website\/wp-json\/wp\/v2\/users\/18"}],"replies":[{"embeddable":true,"href":"https:\/\/www.messinaoggi.it\/website\/wp-json\/wp\/v2\/comments?post=192943"}],"version-history":[{"count":0,"href":"https:\/\/www.messinaoggi.it\/website\/wp-json\/wp\/v2\/posts\/192943\/revisions"}],"wp:featuredmedia":[{"embeddable":true,"href":"https:\/\/www.messinaoggi.it\/website\/wp-json\/wp\/v2\/media\/192944"}],"wp:attachment":[{"href":"https:\/\/www.messinaoggi.it\/website\/wp-json\/wp\/v2\/media?parent=192943"}],"wp:term":[{"taxonomy":"category","embeddable":true,"href":"https:\/\/www.messinaoggi.it\/website\/wp-json\/wp\/v2\/categories?post=192943"},{"taxonomy":"post_tag","embeddable":true,"href":"https:\/\/www.messinaoggi.it\/website\/wp-json\/wp\/v2\/tags?post=192943"}],"curies":[{"name":"wp","href":"https:\/\/api.w.org\/{rel}","templated":true}]}}