{"id":192857,"date":"2024-03-29T11:20:20","date_gmt":"2024-03-29T10:20:20","guid":{"rendered":"http:\/\/www.messinaoggi.it\/website\/?p=192857"},"modified":"2024-03-29T11:20:22","modified_gmt":"2024-03-29T10:20:22","slug":"carenza-pediatri-la-fauci-ho-scritto-alle-autorita-attendo-atti-concreti","status":"publish","type":"post","link":"https:\/\/www.messinaoggi.it\/website\/2024\/03\/29\/carenza-pediatri-la-fauci-ho-scritto-alle-autorita-attendo-atti-concreti\/","title":{"rendered":"Carenza pediatri, La Fauci: \u201cHo scritto alle autorit\u00e0, attendo atti concreti\u201d"},"content":{"rendered":"\n<p>\u201cIn qualit\u00e0 di membro delle istituzioni e di cittadino messinese mi sono sentito in dovere di portare avanti in maniera ufficiale e formale una questione di rara delicatezza: la carenza di pediatri del Servizio Sanitario Nazionale sul territorio di Messina. Per l\u2019esattezza nel distretto Messina Nord che si estende da Tremestieri al Comune di Rometta. Insomma, un territorio vasto e complicato\u201d. A dichiararlo \u00e8 il vicepresidente supplente del Consiglio comunale, Giandomenico La Fauci (Ora Sicilia), annunciando di essere in attesa di atti concreti per risolvere tale problematica dopo aver scritto alle autorit\u00e0 competenti.<div id=\"div-gpt-ad-Messinaoggi.it-DSK-300x250-corpoart\" style=\"text-align:center;margin:0 auto;\"><\/div><\/p>\n\n\n\n<p>\u201cLa questione che sollevo, con una lettera indirizzata agli organi competenti e che allego a questa nota stampa, rappresenta un problema che non solo limita il diritto alla libera scelta e alla tutela della salute dei nostri bambini, ma mette anche a dura prova le famiglie, costrette spesso a ricorrere a servizi privati, che spesso vedono protagonisti gli stessi medici del SSN che nel pubblico non hanno possibilit\u00e0 di ricevere i pazienti, o a intasare i pronto soccorso. \u2013 prosegue La Fauci \u2013 La nostra comunit\u00e0 si trova di fronte a una situazione insostenibile, con solo 22 pediatri attivi, due dei quali prossimi al pensionamento, per fronteggiare le esigenze di una popolazione pediatrica in continua crescita. Negli ultimi anni, abbiamo assistito al pensionamento di 9 pediatri, un fenomeno che ha aggravato ulteriormente la situazione, costringendo i bambini oltre i 6 anni a rivolgersi ai medici di medicina generale, meno specializzati in pediatria.<div id=\"videoincontent\" style=\"clear:both\";><\/div><\/p>\n\n\n\n<p>\u201cLa salute dei nostri bambini \u00e8 una priorit\u00e0 assoluta, un diritto fondamentale garantito dalla Costituzione Italiana, e il Servizio Sanitario Nazionale deve assicurare l&#8217;accesso equo alle prestazioni sanitarie. \u00c8 per questo che ho deciso di agire, sollecitando un&#8217;attenzione immediata e misure concrete per affrontare questa emergenza. La mia lettera chiede una revisione dei criteri di assegnazione dei pediatri e la creazione di incarichi definitivi, adeguati alle reali esigenze della nostra popolazione pediatrica. Confido nella sensibilit\u00e0 e nell&#8217;impegno delle istituzioni e dei professionisti della sanit\u00e0 per trovare soluzioni rapide ed efficaci. \u00c8 essenziale lavorare insieme per garantire che ogni bambino abbia il diritto a ricevere cure adeguate e che le famiglie possano avere fiducia in un sistema sanitario pubblico accessibile e di qualit\u00e0. Grazie per il vostro supporto e l&#8217;attenzione a questa questione critica\u201d.<\/p>\n","protected":false},"excerpt":{"rendered":"<p>\u201cIn qualit\u00e0 di membro delle istituzioni e di cittadino messinese mi sono sentito in dovere di portare avanti in maniera ufficiale e formale una questione di rara delicatezza: la carenza di pediatri del Servizio Sanitario Nazionale sul territorio di Messina. Per l\u2019esattezza nel distretto Messina Nord che si estende da Tremestieri al Comune di Rometta. [&hellip;]<\/p>\n","protected":false},"author":8,"featured_media":5139,"comment_status":"open","ping_status":"open","sticky":false,"template":"","format":"standard","meta":{"ub_ctt_via":"","_mi_skip_tracking":false},"categories":[4],"tags":[9789,3367,644],"featured_image_src":"https:\/\/www.messinaoggi.it\/website\/wp-content\/uploads\/2017\/07\/medico-famiglia-2.jpeg","author_info":{"display_name":"red..me","author_link":"https:\/\/www.messinaoggi.it\/website\/author\/redstage\/"},"digistream_id":0,"digistream":false,"_links":{"self":[{"href":"https:\/\/www.messinaoggi.it\/website\/wp-json\/wp\/v2\/posts\/192857"}],"collection":[{"href":"https:\/\/www.messinaoggi.it\/website\/wp-json\/wp\/v2\/posts"}],"about":[{"href":"https:\/\/www.messinaoggi.it\/website\/wp-json\/wp\/v2\/types\/post"}],"author":[{"embeddable":true,"href":"https:\/\/www.messinaoggi.it\/website\/wp-json\/wp\/v2\/users\/8"}],"replies":[{"embeddable":true,"href":"https:\/\/www.messinaoggi.it\/website\/wp-json\/wp\/v2\/comments?post=192857"}],"version-history":[{"count":1,"href":"https:\/\/www.messinaoggi.it\/website\/wp-json\/wp\/v2\/posts\/192857\/revisions"}],"predecessor-version":[{"id":192858,"href":"https:\/\/www.messinaoggi.it\/website\/wp-json\/wp\/v2\/posts\/192857\/revisions\/192858"}],"wp:featuredmedia":[{"embeddable":true,"href":"https:\/\/www.messinaoggi.it\/website\/wp-json\/wp\/v2\/media\/5139"}],"wp:attachment":[{"href":"https:\/\/www.messinaoggi.it\/website\/wp-json\/wp\/v2\/media?parent=192857"}],"wp:term":[{"taxonomy":"category","embeddable":true,"href":"https:\/\/www.messinaoggi.it\/website\/wp-json\/wp\/v2\/categories?post=192857"},{"taxonomy":"post_tag","embeddable":true,"href":"https:\/\/www.messinaoggi.it\/website\/wp-json\/wp\/v2\/tags?post=192857"}],"curies":[{"name":"wp","href":"https:\/\/api.w.org\/{rel}","templated":true}]}}