{"id":192848,"date":"2024-03-29T11:08:01","date_gmt":"2024-03-29T10:08:01","guid":{"rendered":"https:\/\/www.messinaoggi.it\/website\/2024\/03\/29\/ucraina-tusk-guerra-pericolo-reale-siamo-in-unera-prebellica\/"},"modified":"2024-03-29T11:08:01","modified_gmt":"2024-03-29T10:08:01","slug":"ucraina-tusk-guerra-pericolo-reale-siamo-in-unera-prebellica","status":"publish","type":"post","link":"https:\/\/www.messinaoggi.it\/website\/2024\/03\/29\/ucraina-tusk-guerra-pericolo-reale-siamo-in-unera-prebellica\/","title":{"rendered":"Ucraina, Tusk \u201cGuerra pericolo reale, siamo in un\u2019era prebellica\u201d"},"content":{"rendered":"<div>MILANO (ITALPRESS) &#8211; &#8220;Non voglio spaventare nessuno, ma la guerra non \u00e8 pi\u00f9 un concetto del passato. E&#8217; reale, \u00e8 gi\u00e0 iniziata pi\u00f9 di due anni fa. La cosa pi\u00f9 preoccupante \u00e8 che ogni scenario \u00e8 possibile. E&#8217; la prima volta dal 1945 che ci troviamo in una situazione del genere. So che sembra devastante, soprattutto per i pi\u00f9 giovani, ma dobbiamo abituarci mentalmente all&#8217;arrivo di una nuova era. E&#8217; l&#8217;era prebellica. Non sto esagerando. Sta diventando ogni giorno pi\u00f9 evidente&#8221;. Lo dice il premier polacco, Donald Tusk, in un&#8217;intervista a Repubblica. &#8220;Il nostro obiettivo principale deve essere quello di proteggere l&#8217;Ucraina dall&#8217;invasione russa e di tutelare la sua indipendenza e integrit\u00e0. Il destino dell&#8217;Ucraina \u00e8 soprattutto nelle nostre mani. Non mi riferisco alla sola Polonia o all&#8217;Ue, ma all&#8217;intero Occidente&#8221; aggiunge. &#8220;Non c&#8217;\u00e8 motivo per cui gli europei non debbano rispettare un principio fondamentale e spendere almeno il 2% del Pil per la difesa. Il punto di partenza \u00e8 questo. Noi spendiamo il 4%, ma \u00e8 anche vero che la nostra situazione \u00e8 pi\u00f9 complessa di quella della Spagna o dell&#8217;Italia. Il 2% del Pil, per\u00f2, deve essere considerato unmust. Non capisco chi lo mette in discussione. Possiamo discutere di Eurobond per la difesa e di un maggiore coinvolgimento della Bei&#8221; conclude Tusk.(ITALPRESS).<div id=\"div-gpt-ad-Messinaoggi.it-DSK-300x250-corpoart\" style=\"text-align:center;margin:0 auto;\"><\/div><\/p>\n<p>Foto: Agenzia Fotogramma<\/div>\n<div id=\"videoincontent\" style=\"clear:both\";><\/div>","protected":false},"excerpt":{"rendered":"<p>MILANO (ITALPRESS) &#8211; &#8220;Non voglio spaventare nessuno, ma la guerra non \u00e8 pi\u00f9 un concetto del passato. E&#8217; reale, \u00e8 gi\u00e0 iniziata pi\u00f9 di due anni fa. La cosa pi\u00f9 preoccupante \u00e8 che ogni scenario \u00e8 possibile. E&#8217; la prima volta dal 1945 che ci troviamo in una situazione del genere. So che sembra devastante, [&hellip;]<\/p>\n","protected":false},"author":18,"featured_media":192849,"comment_status":"closed","ping_status":"closed","sticky":false,"template":"","format":"standard","meta":{"ub_ctt_via":"","_mi_skip_tracking":false},"categories":[446],"tags":[783],"featured_image_src":"https:\/\/www.messinaoggi.it\/website\/wp-content\/uploads\/2024\/03\/20240329_0067.jpg","author_info":{"display_name":"Admin","author_link":"https:\/\/www.messinaoggi.it\/website\/author\/admin\/"},"digistream_id":0,"digistream":false,"_links":{"self":[{"href":"https:\/\/www.messinaoggi.it\/website\/wp-json\/wp\/v2\/posts\/192848"}],"collection":[{"href":"https:\/\/www.messinaoggi.it\/website\/wp-json\/wp\/v2\/posts"}],"about":[{"href":"https:\/\/www.messinaoggi.it\/website\/wp-json\/wp\/v2\/types\/post"}],"author":[{"embeddable":true,"href":"https:\/\/www.messinaoggi.it\/website\/wp-json\/wp\/v2\/users\/18"}],"replies":[{"embeddable":true,"href":"https:\/\/www.messinaoggi.it\/website\/wp-json\/wp\/v2\/comments?post=192848"}],"version-history":[{"count":0,"href":"https:\/\/www.messinaoggi.it\/website\/wp-json\/wp\/v2\/posts\/192848\/revisions"}],"wp:featuredmedia":[{"embeddable":true,"href":"https:\/\/www.messinaoggi.it\/website\/wp-json\/wp\/v2\/media\/192849"}],"wp:attachment":[{"href":"https:\/\/www.messinaoggi.it\/website\/wp-json\/wp\/v2\/media?parent=192848"}],"wp:term":[{"taxonomy":"category","embeddable":true,"href":"https:\/\/www.messinaoggi.it\/website\/wp-json\/wp\/v2\/categories?post=192848"},{"taxonomy":"post_tag","embeddable":true,"href":"https:\/\/www.messinaoggi.it\/website\/wp-json\/wp\/v2\/tags?post=192848"}],"curies":[{"name":"wp","href":"https:\/\/api.w.org\/{rel}","templated":true}]}}